{"id":2741,"date":"2024-06-08T15:40:50","date_gmt":"2024-06-08T13:40:50","guid":{"rendered":"https:\/\/www.rentila.it\/support\/?p=2741"},"modified":"2025-11-04T12:06:21","modified_gmt":"2025-11-04T11:06:21","slug":"saldo-e-tasse","status":"publish","type":"post","link":"https:\/\/www.rentila.it\/support\/archives\/2741","title":{"rendered":"Saldo e tasse"},"content":{"rendered":"\n<p><strong>Reddito imponibile<\/strong><\/p>\n\n\n\n<p>In generale, pagherai l&#8217;imposta sul reddito sui ricavi che ottieni dall&#8217;affitto di una propriet\u00e0. L&#8217;importo imponibile \u00e8 la somma rimanente una volta che hai aggiunto il tuo reddito da locazione e dedotto eventuali spese o agevolazioni consentite.<\/p>\n\n\n\n<p>Il tuo reddito \u00e8 principalmente il canone che ricevi ma anche qualsiasi altro pagamento dagli inquilini per servizi normalmente forniti da un proprietario.<\/p>\n\n\n\n<p><strong>Spese deducibili che un proprietario pu\u00f2 detrarre<\/strong><\/p>\n\n\n\n<p>Come regola generale, i proprietari possono richiedere le spese di gestione e manutenzione della loro propriet\u00e0 in affitto.<\/p>\n\n\n\n<p>Se l&#8217;affitto che addebiti copre servizi come gas, elettricit\u00e0, acqua o tassa comunale, dovrai prendere in considerazione l&#8217;importo dell&#8217;affitto che addebiti all&#8217;inquilino nel tuo reddito, ma puoi richiedere i costi che paghi come spesa.<\/p>\n\n\n\n<p>sa, il costo del riscaldamento della propriet\u00e0 che \u00e8 in parte utilizzata per l&#8217;affitto cos\u00ec come per scopi privati.<\/p>\n\n\n\n<p><strong>Ulteriori informazioni sono disponibili e aggiornate regolarmente sul sito dell&#8217;<a href=\"https:\/\/www.agenziaentrate.gov.it\/\">Agenzia delle Entrate<\/a>.  <\/strong><\/p>\n","protected":false},"excerpt":{"rendered":"<p>Reddito imponibile In generale, pagherai l&#8217;imposta sul reddito sui ricavi che ottieni dall&#8217;affitto di una propriet\u00e0. L&#8217;importo imponibile \u00e8 la somma rimanente una volta che hai aggiunto il tuo reddito da locazione e dedotto eventuali spese o agevolazioni consentite. Il tuo reddito \u00e8 principalmente il canone che ricevi ma anche qualsiasi altro pagamento dagli inquilini<\/p>\n","protected":false},"author":3,"featured_media":0,"comment_status":"closed","ping_status":"open","sticky":false,"template":"","format":"standard","meta":{"footnotes":""},"categories":[3,4],"tags":[],"class_list":["post-2741","post","type-post","status-publish","format-standard","hentry","category-inquilini","category-locazioni"],"yoast_head":"<!-- This site is optimized with the Yoast SEO plugin v27.3 - https:\/\/yoast.com\/product\/yoast-seo-wordpress\/ -->\n<title>Saldo e tasse - Centro Supporto - Rentila<\/title>\n<meta name=\"robots\" content=\"index, follow, max-snippet:-1, max-image-preview:large, max-video-preview:-1\" \/>\n<link rel=\"canonical\" href=\"https:\/\/www.rentila.it\/support\/archives\/2741\" \/>\n<meta property=\"og:locale\" content=\"it_IT\" \/>\n<meta property=\"og:type\" content=\"article\" \/>\n<meta property=\"og:title\" content=\"Saldo e tasse - Centro Supporto - Rentila\" \/>\n<meta property=\"og:description\" content=\"Reddito imponibile In generale, pagherai l&#8217;imposta sul reddito sui ricavi che ottieni dall&#8217;affitto di una propriet\u00e0. L&#8217;importo imponibile \u00e8 la somma rimanente una volta che hai aggiunto il tuo reddito da locazione e dedotto eventuali spese o agevolazioni consentite. Il tuo reddito \u00e8 principalmente il canone che ricevi ma anche qualsiasi altro pagamento dagli inquilini\" \/>\n<meta property=\"og:url\" content=\"https:\/\/www.rentila.it\/support\/archives\/2741\" \/>\n<meta property=\"og:site_name\" content=\"Centro Supporto - Rentila\" \/>\n<meta property=\"article:published_time\" content=\"2024-06-08T13:40:50+00:00\" \/>\n<meta property=\"article:modified_time\" content=\"2025-11-04T11:06:21+00:00\" \/>\n<meta name=\"author\" content=\"Rentila\" \/>\n<meta name=\"twitter:card\" content=\"summary_large_image\" \/>\n<meta name=\"twitter:label1\" content=\"Scritto da\" \/>\n\t<meta name=\"twitter:data1\" content=\"Rentila\" \/>\n\t<meta name=\"twitter:label2\" content=\"Tempo di lettura stimato\" \/>\n\t<meta name=\"twitter:data2\" content=\"1 minuto\" \/>\n<script type=\"application\/ld+json\" class=\"yoast-schema-graph\">{\"@context\":\"https:\\\/\\\/schema.org\",\"@graph\":[{\"@type\":\"Article\",\"@id\":\"https:\\\/\\\/www.rentila.it\\\/support\\\/archives\\\/2741#article\",\"isPartOf\":{\"@id\":\"https:\\\/\\\/www.rentila.it\\\/support\\\/archives\\\/2741\"},\"author\":{\"name\":\"Rentila\",\"@id\":\"https:\\\/\\\/www.rentila.it\\\/support\\\/#\\\/schema\\\/person\\\/a32e5216900c5aaac33ecf5fd8525c6d\"},\"headline\":\"Saldo e tasse\",\"datePublished\":\"2024-06-08T13:40:50+00:00\",\"dateModified\":\"2025-11-04T11:06:21+00:00\",\"mainEntityOfPage\":{\"@id\":\"https:\\\/\\\/www.rentila.it\\\/support\\\/archives\\\/2741\"},\"wordCount\":152,\"publisher\":{\"@id\":\"https:\\\/\\\/www.rentila.it\\\/support\\\/#organization\"},\"articleSection\":[\"Inquilini\",\"Locazioni\"],\"inLanguage\":\"it-IT\"},{\"@type\":\"WebPage\",\"@id\":\"https:\\\/\\\/www.rentila.it\\\/support\\\/archives\\\/2741\",\"url\":\"https:\\\/\\\/www.rentila.it\\\/support\\\/archives\\\/2741\",\"name\":\"Saldo e tasse - Centro Supporto - Rentila\",\"isPartOf\":{\"@id\":\"https:\\\/\\\/www.rentila.it\\\/support\\\/#website\"},\"datePublished\":\"2024-06-08T13:40:50+00:00\",\"dateModified\":\"2025-11-04T11:06:21+00:00\",\"breadcrumb\":{\"@id\":\"https:\\\/\\\/www.rentila.it\\\/support\\\/archives\\\/2741#breadcrumb\"},\"inLanguage\":\"it-IT\",\"potentialAction\":[{\"@type\":\"ReadAction\",\"target\":[\"https:\\\/\\\/www.rentila.it\\\/support\\\/archives\\\/2741\"]}]},{\"@type\":\"BreadcrumbList\",\"@id\":\"https:\\\/\\\/www.rentila.it\\\/support\\\/archives\\\/2741#breadcrumb\",\"itemListElement\":[{\"@type\":\"ListItem\",\"position\":1,\"name\":\"Home\",\"item\":\"https:\\\/\\\/www.rentila.it\\\/support\\\/\"},{\"@type\":\"ListItem\",\"position\":2,\"name\":\"Saldo e tasse\"}]},{\"@type\":\"WebSite\",\"@id\":\"https:\\\/\\\/www.rentila.it\\\/support\\\/#website\",\"url\":\"https:\\\/\\\/www.rentila.it\\\/support\\\/\",\"name\":\"Centro Supporto - Rentila\",\"description\":\"\",\"publisher\":{\"@id\":\"https:\\\/\\\/www.rentila.it\\\/support\\\/#organization\"},\"potentialAction\":[{\"@type\":\"SearchAction\",\"target\":{\"@type\":\"EntryPoint\",\"urlTemplate\":\"https:\\\/\\\/www.rentila.it\\\/support\\\/?s={search_term_string}\"},\"query-input\":{\"@type\":\"PropertyValueSpecification\",\"valueRequired\":true,\"valueName\":\"search_term_string\"}}],\"inLanguage\":\"it-IT\"},{\"@type\":\"Organization\",\"@id\":\"https:\\\/\\\/www.rentila.it\\\/support\\\/#organization\",\"name\":\"Rentila\",\"url\":\"https:\\\/\\\/www.rentila.it\\\/support\\\/\",\"logo\":{\"@type\":\"ImageObject\",\"inLanguage\":\"it-IT\",\"@id\":\"https:\\\/\\\/www.rentila.it\\\/support\\\/#\\\/schema\\\/logo\\\/image\\\/\",\"url\":\"https:\\\/\\\/www.rentila.it\\\/support\\\/wp-content\\\/uploads\\\/2016\\\/11\\\/1024.jpg\",\"contentUrl\":\"https:\\\/\\\/www.rentila.it\\\/support\\\/wp-content\\\/uploads\\\/2016\\\/11\\\/1024.jpg\",\"width\":1024,\"height\":1024,\"caption\":\"Rentila\"},\"image\":{\"@id\":\"https:\\\/\\\/www.rentila.it\\\/support\\\/#\\\/schema\\\/logo\\\/image\\\/\"}},{\"@type\":\"Person\",\"@id\":\"https:\\\/\\\/www.rentila.it\\\/support\\\/#\\\/schema\\\/person\\\/a32e5216900c5aaac33ecf5fd8525c6d\",\"name\":\"Rentila\",\"image\":{\"@type\":\"ImageObject\",\"inLanguage\":\"it-IT\",\"@id\":\"https:\\\/\\\/secure.gravatar.com\\\/avatar\\\/c4fca21133a60c87d700e0dacc408e758b6e572296ec467d947953283975eea8?s=96&d=mm&r=g\",\"url\":\"https:\\\/\\\/secure.gravatar.com\\\/avatar\\\/c4fca21133a60c87d700e0dacc408e758b6e572296ec467d947953283975eea8?s=96&d=mm&r=g\",\"contentUrl\":\"https:\\\/\\\/secure.gravatar.com\\\/avatar\\\/c4fca21133a60c87d700e0dacc408e758b6e572296ec467d947953283975eea8?s=96&d=mm&r=g\",\"caption\":\"Rentila\"}}]}<\/script>\n<!-- \/ Yoast SEO plugin. -->","yoast_head_json":{"title":"Saldo e tasse - Centro Supporto - Rentila","robots":{"index":"index","follow":"follow","max-snippet":"max-snippet:-1","max-image-preview":"max-image-preview:large","max-video-preview":"max-video-preview:-1"},"canonical":"https:\/\/www.rentila.it\/support\/archives\/2741","og_locale":"it_IT","og_type":"article","og_title":"Saldo e tasse - Centro Supporto - Rentila","og_description":"Reddito imponibile In generale, pagherai l&#8217;imposta sul reddito sui ricavi che ottieni dall&#8217;affitto di una propriet\u00e0. L&#8217;importo imponibile \u00e8 la somma rimanente una volta che hai aggiunto il tuo reddito da locazione e dedotto eventuali spese o agevolazioni consentite. Il tuo reddito \u00e8 principalmente il canone che ricevi ma anche qualsiasi altro pagamento dagli inquilini","og_url":"https:\/\/www.rentila.it\/support\/archives\/2741","og_site_name":"Centro Supporto - Rentila","article_published_time":"2024-06-08T13:40:50+00:00","article_modified_time":"2025-11-04T11:06:21+00:00","author":"Rentila","twitter_card":"summary_large_image","twitter_misc":{"Scritto da":"Rentila","Tempo di lettura stimato":"1 minuto"},"schema":{"@context":"https:\/\/schema.org","@graph":[{"@type":"Article","@id":"https:\/\/www.rentila.it\/support\/archives\/2741#article","isPartOf":{"@id":"https:\/\/www.rentila.it\/support\/archives\/2741"},"author":{"name":"Rentila","@id":"https:\/\/www.rentila.it\/support\/#\/schema\/person\/a32e5216900c5aaac33ecf5fd8525c6d"},"headline":"Saldo e tasse","datePublished":"2024-06-08T13:40:50+00:00","dateModified":"2025-11-04T11:06:21+00:00","mainEntityOfPage":{"@id":"https:\/\/www.rentila.it\/support\/archives\/2741"},"wordCount":152,"publisher":{"@id":"https:\/\/www.rentila.it\/support\/#organization"},"articleSection":["Inquilini","Locazioni"],"inLanguage":"it-IT"},{"@type":"WebPage","@id":"https:\/\/www.rentila.it\/support\/archives\/2741","url":"https:\/\/www.rentila.it\/support\/archives\/2741","name":"Saldo e tasse - Centro Supporto - Rentila","isPartOf":{"@id":"https:\/\/www.rentila.it\/support\/#website"},"datePublished":"2024-06-08T13:40:50+00:00","dateModified":"2025-11-04T11:06:21+00:00","breadcrumb":{"@id":"https:\/\/www.rentila.it\/support\/archives\/2741#breadcrumb"},"inLanguage":"it-IT","potentialAction":[{"@type":"ReadAction","target":["https:\/\/www.rentila.it\/support\/archives\/2741"]}]},{"@type":"BreadcrumbList","@id":"https:\/\/www.rentila.it\/support\/archives\/2741#breadcrumb","itemListElement":[{"@type":"ListItem","position":1,"name":"Home","item":"https:\/\/www.rentila.it\/support\/"},{"@type":"ListItem","position":2,"name":"Saldo e tasse"}]},{"@type":"WebSite","@id":"https:\/\/www.rentila.it\/support\/#website","url":"https:\/\/www.rentila.it\/support\/","name":"Centro Supporto - Rentila","description":"","publisher":{"@id":"https:\/\/www.rentila.it\/support\/#organization"},"potentialAction":[{"@type":"SearchAction","target":{"@type":"EntryPoint","urlTemplate":"https:\/\/www.rentila.it\/support\/?s={search_term_string}"},"query-input":{"@type":"PropertyValueSpecification","valueRequired":true,"valueName":"search_term_string"}}],"inLanguage":"it-IT"},{"@type":"Organization","@id":"https:\/\/www.rentila.it\/support\/#organization","name":"Rentila","url":"https:\/\/www.rentila.it\/support\/","logo":{"@type":"ImageObject","inLanguage":"it-IT","@id":"https:\/\/www.rentila.it\/support\/#\/schema\/logo\/image\/","url":"https:\/\/www.rentila.it\/support\/wp-content\/uploads\/2016\/11\/1024.jpg","contentUrl":"https:\/\/www.rentila.it\/support\/wp-content\/uploads\/2016\/11\/1024.jpg","width":1024,"height":1024,"caption":"Rentila"},"image":{"@id":"https:\/\/www.rentila.it\/support\/#\/schema\/logo\/image\/"}},{"@type":"Person","@id":"https:\/\/www.rentila.it\/support\/#\/schema\/person\/a32e5216900c5aaac33ecf5fd8525c6d","name":"Rentila","image":{"@type":"ImageObject","inLanguage":"it-IT","@id":"https:\/\/secure.gravatar.com\/avatar\/c4fca21133a60c87d700e0dacc408e758b6e572296ec467d947953283975eea8?s=96&d=mm&r=g","url":"https:\/\/secure.gravatar.com\/avatar\/c4fca21133a60c87d700e0dacc408e758b6e572296ec467d947953283975eea8?s=96&d=mm&r=g","contentUrl":"https:\/\/secure.gravatar.com\/avatar\/c4fca21133a60c87d700e0dacc408e758b6e572296ec467d947953283975eea8?s=96&d=mm&r=g","caption":"Rentila"}}]}},"_links":{"self":[{"href":"https:\/\/www.rentila.it\/support\/wp-json\/wp\/v2\/posts\/2741","targetHints":{"allow":["GET"]}}],"collection":[{"href":"https:\/\/www.rentila.it\/support\/wp-json\/wp\/v2\/posts"}],"about":[{"href":"https:\/\/www.rentila.it\/support\/wp-json\/wp\/v2\/types\/post"}],"author":[{"embeddable":true,"href":"https:\/\/www.rentila.it\/support\/wp-json\/wp\/v2\/users\/3"}],"replies":[{"embeddable":true,"href":"https:\/\/www.rentila.it\/support\/wp-json\/wp\/v2\/comments?post=2741"}],"version-history":[{"count":2,"href":"https:\/\/www.rentila.it\/support\/wp-json\/wp\/v2\/posts\/2741\/revisions"}],"predecessor-version":[{"id":2745,"href":"https:\/\/www.rentila.it\/support\/wp-json\/wp\/v2\/posts\/2741\/revisions\/2745"}],"wp:attachment":[{"href":"https:\/\/www.rentila.it\/support\/wp-json\/wp\/v2\/media?parent=2741"}],"wp:term":[{"taxonomy":"category","embeddable":true,"href":"https:\/\/www.rentila.it\/support\/wp-json\/wp\/v2\/categories?post=2741"},{"taxonomy":"post_tag","embeddable":true,"href":"https:\/\/www.rentila.it\/support\/wp-json\/wp\/v2\/tags?post=2741"}],"curies":[{"name":"wp","href":"https:\/\/api.w.org\/{rel}","templated":true}]}}