{"id":2651,"date":"2024-06-08T16:00:52","date_gmt":"2024-06-08T14:00:52","guid":{"rendered":"https:\/\/www.rentila.it\/support\/?p=2651"},"modified":"2024-06-09T18:38:18","modified_gmt":"2024-06-09T16:38:18","slug":"canoni-fatture-e-avvisi-di-pagamento","status":"publish","type":"post","link":"https:\/\/www.rentila.it\/support\/archives\/2651","title":{"rendered":"Canoni, Fatture e Avvisi di Pagamento"},"content":{"rendered":"\n<h3 class=\"wp-block-heading\">Creazione dell&#8217;affitto<\/h3>\n\n\n\n<p>Per ciascun contratto di locazione, i pagamenti degli canoni e gli avvisi di pagamento vengono generati automaticamente il primo giorno del mese per impostazione predefinita, a meno che non sia indicato diversamente in Locazioni. Hai la possibilit\u00e0 di impostare la data in cui desideri generare l&#8217;avviso e il canone in Finanze, aggiungendo un numero di giorni prima della data di pagamento del canone. Anche questa opzione pu\u00f2 essere configurata nella scheda della locazione.<\/p>\n\n\n\n<p><strong>Periodicit\u00e0 dell&#8217;affitto<\/strong><\/p>\n\n\n\n<p>La periodicit\u00e0 dell&#8217;affitto (predefinita il 1\u00b0 del mese) definisce il periodo di locazione e questa configurazione viene effettuata nella scheda della locazione. Ad esempio, nel caso di una locazione con cadenza mensile, se scegli il 1\u00b0 del mese, il periodo sar\u00e0 dal 1\u00b0 all&#8217;ultimo giorno del mese corrente. Se scegli il 15 del mese, il periodo sar\u00e0 dal 15 al 14 del mese successivo.<\/p>\n\n\n\n<p><strong>Data di creazione del canone<\/strong><\/p>\n\n\n\n<p>La data di generazione del canone determina quando la corrispondente linea appare nella sezione Finanze. Ad esempio, se scegli G-6, i pagamenti e l&#8217;avviso di pagamento verranno generati 6 giorni prima della data di scadenza. Anche questa configurazione viene effettuata nella scheda della locazione.<\/p>\n\n\n\n<p><strong>Data di pagamento<\/strong><\/p>\n\n\n\n<p>La data di pagamento nella scheda della locazione indica la data entro cui l&#8217;inquilino deve pagare l&#8217;affitto (di default, il 1\u00b0 del mese). Questa data viene utilizzata per determinare se un affitto \u00e8 in ritardo. Il sistema segner\u00e0 un affitto come &#8220;In Ritardo&#8221; 7 giorni dopo la data di pagamento. Ad esempio, se la data di pagamento dell&#8217;affitto \u00e8 il 6, verr\u00e0 segnata come &#8220;In Ritardo&#8221; dopo il 13.<\/p>\n\n\n\n<p><strong>Titolo del documento: avviso di scadenza, ricevuta e fattura<\/strong><\/p>\n\n\n\n<p>Una volta che l&#8217;affitto \u00e8 segnato come &#8220;Pagato&#8221;, il documento che in precedenza era un Avviso, diventa una Ricevuta.<\/p>\n\n\n\n<p>In caso di pagamento parziale il documento sar\u00e0 una Ricevuta che pu\u00f2 essere convertito in una Fattura solo se il proprietario registra un successivo pagamento che copre l&#8217;intero affitto o se il saldo dell&#8217;inquilino \u00e8 zero o positivo.<\/p>\n\n\n\n<p>Ogni affitto pu\u00f2 essere associato a uno dei seguenti stati:<\/p>\n\n\n\n<ul class=\"wp-block-list\">\n<li><strong>Pagato<\/strong>: L&#8217;inquilino ha pagato completamente l&#8217;affitto.<\/li>\n\n\n\n<li><strong>In Attesa<\/strong>: L&#8217;inquilino non ha ancora pagato l&#8217;affitto, ma la data di scadenza non \u00e8 ancora passata.<\/li>\n\n\n\n<li><strong>In Ritardo<\/strong>: L&#8217;inquilino non ha pagato l&#8217;affitto e la data di scadenza \u00e8 passata.<\/li>\n\n\n\n<li><strong>Parziale<\/strong>: Solo una parte dell&#8217;affitto \u00e8 stata pagata dall&#8217;inquilino.<\/li>\n\n\n\n<li><strong>Non Pagato<\/strong>: L&#8217;affitto non \u00e8 stato pagato e \u00e8 improbabile che venga pagato in futuro.<\/li>\n<\/ul>\n\n\n\n<p><strong>Creare manualmente un affitto<\/strong>. Puoi creare manualmente un affitto nella sezione Finanze. Per fare questo, aggiungi un&#8217;entrata e scegli il tipo &#8220;Pagamento Canone&#8221;, oppure duplica un affitto esistente.<\/p>\n\n\n\n<h3 class=\"wp-block-heading\">Ricevute in anticipo e in arretrato<\/h3>\n\n\n\n<p>Gli affitti e gli avvisi di scadenza vengono generati in anticipo per impostazione predefinita, cio\u00e8 all&#8217;inizio del periodo. Decidi tu quando registrare il pagamento e produrre la ricevuta di affitto.<\/p>\n\n\n\n<p>Quando crei la locazione, puoi anche scegliere di creare affitti in arretrato, cio\u00e8 alla fine del periodo.<\/p>\n\n\n\n<p>Puoi anche impostare la data di generazione dell&#8217;affitto al momento della creazione della locazione a G+X dove X \u00e8 il numero di giorni. Ad esempio: Per una data di ricevuta al 1\u00b0, che genera affitto dal 1\u00b0 al 31\u00b0, l&#8217;impostazione &#8216;G+20&#8217; generer\u00e0 la generazione 20 giorni dopo l&#8217;inizio del periodo, intorno al 21.<\/p>\n\n\n\n<h3 class=\"wp-block-heading\">Fattura o ricevuta e numerazione<\/h3>\n\n\n\n<p>Quando crei la locazione, nella scheda &#8220;Ricevuta&#8221;, hai la possibilit\u00e0 di scegliere tra &#8220;Ricevuta&#8221; o &#8220;Fattura&#8221; per il documento di avvenuto di pagamento.<\/p>\n\n\n\n<p>Puoi attivare la numerazione per le fatture. Questa numerazione pu\u00f2 essere:<\/p>\n\n\n\n<ul class=\"wp-block-list\">\n<li>Per contratto di locazione;<\/li>\n\n\n\n<li>Per proprietario.<\/li>\n<\/ul>\n\n\n\n<p>Puoi anche definire un prefisso (per esempio &#8220;INV23-&#8220;), e un contatore automatico verr\u00e0 aggiunto dopo questo prefisso.<\/p>\n\n\n\n<p>Se cambi il prefisso nella locazione, il contatore verr\u00e0 resettato e ricomincer\u00e0 da 1. Questa funzione \u00e8 utile quando cambi il prefisso ogni anno, ad esempio &#8220;INV2023-&#8220;, &#8220;INV2024-&#8220;.<br><\/p>\n\n\n\n<p><strong>Buono a Sapersi<\/strong><\/p>\n\n\n\n<p>Per le locazioni con IVA, l&#8217;opzione &#8220;Fattura&#8221; \u00e8 attivata per impostazione predefinita.<\/p>\n\n\n\n<p>Le fatture sono numerate automaticamente, ma se desideri iniziare con un numero specifico, trova l&#8217;ultimo pagamento generato nella sezione Finanze e inserisci questo numero nel campo fornito. Il prossimo affitto verr\u00e0 generato con il numero seguente.<\/p>\n\n\n\n<h3 class=\"wp-block-heading\">Prima ricevuta di affitto con un pagamento parziale<\/h3>\n\n\n\n<p>Se la tua locazione inizia in una data diversa dal 1\u00b0 del mese, puoi impostare un primo pagamento parziale dell&#8217;affitto, che non copre un mese intero.<\/p>\n\n\n\n<p>Hai diverse opzioni:<\/p>\n\n\n\n<ul class=\"wp-block-list\">\n<li>Puoi specificarlo quando crei la locazione compilando i campi dedicati. L&#8217;affitto parziale verr\u00e0 creato alla creazione del contratto di locazione.<\/li>\n\n\n\n<li>Se un affitto \u00e8 gi\u00e0 stato generato nella sezione &#8220;Finanze&#8221;, puoi modificarlo regolando le date e gli importi.<\/li>\n\n\n\n<li>Un&#8217;altra opzione \u00e8 aggiungere manualmente un&#8217;entrata di tipo &#8220;Pagamento Canone&#8221; nella sezione &#8220;Finanze&#8221;.<\/li>\n<\/ul>\n\n\n\n<p>Ecco la formula per calcolare un pagamento parziale dell&#8217;affitto: Affitto mensile \/ Numero di giorni nel mese x Numero di giorni di occupazione.<\/p>\n\n\n\n<h3 class=\"wp-block-heading\">Indirizzo alternativo sulla ricevuta<\/h3>\n\n\n\n<p>Per default, l&#8217;inquilino ha l&#8217;indirizzo della propriet\u00e0 affittata, ma ci sono casi in cui l&#8217;indirizzo sulla ricevuta non corrisponde all&#8217;indirizzo della propriet\u00e0 affittata.<\/p>\n\n\n\n<p>Per indicare un indirizzo alternativo, segui questi passaggi: vai nella sezione &#8220;Locazioni&#8221;, modifica la locazione rilevante, clicca sulla scheda &#8220;Ricevute&#8221;, poi seleziona &#8220;Indirizzo Ricevuta&#8221;. Seleziona la casella e inserisci l&#8217;indirizzo di corrispondenza dell&#8217;inquilino nel campo appropriato.<\/p>\n\n\n\n<h3 class=\"wp-block-heading\">Aggiungere un importo aggiuntivo a un affitto<\/h3>\n\n\n\n<p>Puoi aggiungere importi aggiuntivi a un affitto. Queste righe possono essere di due tipi: &#8220;Affitto&#8221; o &#8220;Spese&#8221;, come ad esempio per pulizia, parcheggio, tasse e altri pagamenti.<\/p>\n\n\n\n<p>Per fare questo, fornisci semplicemente le informazioni nella sezione &#8220;Altre Spese&#8221;. Puoi aggiungerli a un canone gi\u00e0 generato nella sezione &#8220;Finanze&#8221; o al momento della creazione di una locazione. Se li aggiungi a una locazione, questi pagamenti appariranno nel contratto di locazione e in tutte le ricevute e avvisi di scadenza associati.<\/p>\n\n\n\n<h3 class=\"wp-block-heading\">Registrare un Pagamento<\/h3>\n\n\n\n<p>Una volta che l&#8217;affitto \u00e8 generato nella sezione &#8220;Finanze&#8221;, hai la possibilit\u00e0 di registrare uno o pi\u00f9 pagamenti, che sia il pagamento dell&#8217;inquilino, aiuti o sussidi ricevuti direttamente. Per fare questo, usa l&#8217;opzione &#8220;Registra un Pagamento&#8221; disponibile nel menu azioni a destra.<\/p>\n\n\n\n<p>Per ogni pagamento o incasso registrato, puoi inserire le seguenti informazioni:<\/p>\n\n\n\n<ul class=\"wp-block-list\">\n<li><strong>importo,<\/strong><\/li>\n\n\n\n<li><strong>pagatore,<\/strong><\/li>\n\n\n\n<li><strong>mezzo di pagamento,<\/strong><\/li>\n\n\n\n<li><strong>data di incasso.<\/strong><\/li>\n<\/ul>\n\n\n\n<p><strong>Pagamento Parziale o Pagamento in eccesso.<\/strong> Quando gli importi pagati superano il costo totale dell&#8217;affitto, l&#8217;inquilino mostra un saldo positivo. In caso di pagamento insufficiente, il saldo \u00e8 negativo. Quando registri il pagamento, hai la possibilit\u00e0 di usare un sovrappagamento o un saldo negativo dell&#8217;inquilino per il pagamento del canone corrente o rimandarlo al periodo seguente.<\/p>\n\n\n\n<p>L&#8217;opzione &#8220;Differimento saldo&#8221; \u00e8 disponibile solo quando il conto dell&#8217;inquilino mostra un saldo, che sia positivo o negativo. Puoi impostarla da Locazioni > scheda Altre Impostazioni<\/p>\n\n\n\n<h3 class=\"wp-block-heading\">Invio della ricevuta di affitto e dell&#8217;avviso di scadenza<\/h3>\n\n\n\n<h4 class=\"wp-block-heading\">Inquilini invitati e collegati a Rentila<\/h4>\n\n\n\n<p>Gli inquilini invitati con accesso a Rentila ricevono automaticamente una notifica via email (questa opzione pu\u00f2 essere attivata\/disattivata nel file della locazione) non appena il loro affitto viene generato nella sezione &#8220;Finanze&#8221;. L&#8217;email contiene un link diretto per scaricare il documento, l&#8217;avviso di scadenza o la ricevuta di affitto.<\/p>\n\n\n\n<p>Una volta che il pagamento \u00e8 stato segnato come &#8220;Pagato&#8221; nella sezione &#8220;Finanze&#8221;, puoi inviare manualmente la ricevuta di affitto utilizzando l&#8217;azione &#8220;Invia ricevuta&#8221; sulla destra. Il sistema rinvier\u00e0 l&#8217;email di notifica con il link diretto per scaricare il documento.<\/p>\n\n\n\n<h4 class=\"wp-block-heading\">Inquilini non collegati o senza indirizzo email<\/h4>\n\n\n\n<p>Per gli inquilini che non hanno un indirizzo email o che non desiderano accettare l&#8217;invito, puoi:<\/p>\n\n\n\n<ul class=\"wp-block-list\">\n<li>Scaricare il documento (avviso di scadenza o ricevuta di affitto) in formato PDF e inviarlo tramite il tuo servizio di messaggistica.<\/li>\n\n\n\n<li>Scaricare il documento (avviso di scadenza o ricevuta di affitto) in formato PDF, stamparlo e inviarlo per posta.<\/li>\n<\/ul>\n\n\n\n<h3 class=\"wp-block-heading\">Personalizzazione della ricevuta di affitto e dell&#8217;avviso di scadenza<\/h3>\n\n\n\n<p>Puoi personalizzare il logo e aggiungere una firma dalla sezione &#8220;Mio account&#8221; in &#8220;Mio profilo&#8221;. Se hai pi\u00f9 proprietari nella sezione &#8220;Multi-proprietari&#8221;, \u00e8 nel profilo di ciascun proprietario che puoi personalizzare il logo e la firma.<\/p>\n\n\n\n<p><strong>Buono a Sapersi. <\/strong>Non appena l&#8217;inquilino ha pagato l&#8217;intero importo del suo affitto e delle spese, il proprietario \u00e8 tenuto a fornire gratuitamente una ricevuta di affitto, se richiesta. Questo documento permetter\u00e0 all&#8217;inquilino di dimostrare che paga regolarmente l&#8217;affitto. La ricevuta deve includere le seguenti informazioni:<\/p>\n\n\n\n<ul class=\"wp-block-list\">\n<li>I dettagli della propriet\u00e0 interessata<\/li>\n\n\n\n<li>I dettagli dell&#8217;inquilino<\/li>\n\n\n\n<li>I dettagli del proprietario o del gestore<\/li>\n\n\n\n<li>Il periodo coperto dai pagamenti (generalmente con la stessa frequenza del pagamento dell&#8217;affitto)<\/li>\n\n\n\n<li>L&#8217;importo e il dettaglio dei servizi pagati (affitto, spese, aiuti e sussidi ricevuti direttamente&#8230;)<\/li>\n<\/ul>\n","protected":false},"excerpt":{"rendered":"<p>Creazione dell&#8217;affitto Per ciascun contratto di locazione, i pagamenti degli canoni e gli avvisi di pagamento vengono generati automaticamente il primo giorno del mese per impostazione predefinita, a meno che non sia indicato diversamente in Locazioni. Hai la possibilit\u00e0 di impostare la data in cui desideri generare l&#8217;avviso e il canone in Finanze, aggiungendo un<\/p>\n","protected":false},"author":3,"featured_media":0,"comment_status":"open","ping_status":"open","sticky":false,"template":"","format":"standard","meta":{"footnotes":""},"categories":[4,8],"tags":[],"class_list":["post-2651","post","type-post","status-publish","format-standard","hentry","category-locazioni","category-finanze"],"yoast_head":"<!-- This site is optimized with the Yoast SEO plugin v27.3 - https:\/\/yoast.com\/product\/yoast-seo-wordpress\/ -->\n<title>Canoni, Fatture e Avvisi di Pagamento - Centro Supporto - Rentila<\/title>\n<meta name=\"robots\" content=\"index, follow, max-snippet:-1, max-image-preview:large, max-video-preview:-1\" \/>\n<link rel=\"canonical\" href=\"https:\/\/www.rentila.it\/support\/archives\/2651\" \/>\n<meta property=\"og:locale\" content=\"it_IT\" \/>\n<meta property=\"og:type\" content=\"article\" \/>\n<meta property=\"og:title\" content=\"Canoni, Fatture e Avvisi di Pagamento - Centro Supporto - Rentila\" \/>\n<meta property=\"og:description\" content=\"Creazione dell&#8217;affitto Per ciascun contratto di locazione, i pagamenti degli canoni e gli avvisi di pagamento vengono generati automaticamente il primo giorno del mese per impostazione predefinita, a meno che non sia indicato diversamente in Locazioni. Hai la possibilit\u00e0 di impostare la data in cui desideri generare l&#8217;avviso e il canone in Finanze, aggiungendo un\" \/>\n<meta property=\"og:url\" content=\"https:\/\/www.rentila.it\/support\/archives\/2651\" \/>\n<meta property=\"og:site_name\" content=\"Centro Supporto - Rentila\" \/>\n<meta property=\"article:published_time\" content=\"2024-06-08T14:00:52+00:00\" \/>\n<meta property=\"article:modified_time\" content=\"2024-06-09T16:38:18+00:00\" \/>\n<meta name=\"author\" content=\"Rentila\" \/>\n<meta name=\"twitter:card\" content=\"summary_large_image\" \/>\n<meta name=\"twitter:label1\" content=\"Scritto da\" \/>\n\t<meta name=\"twitter:data1\" content=\"Rentila\" \/>\n\t<meta name=\"twitter:label2\" content=\"Tempo di lettura stimato\" \/>\n\t<meta name=\"twitter:data2\" content=\"8 minuti\" \/>\n<script type=\"application\/ld+json\" class=\"yoast-schema-graph\">{\"@context\":\"https:\\\/\\\/schema.org\",\"@graph\":[{\"@type\":\"Article\",\"@id\":\"https:\\\/\\\/www.rentila.it\\\/support\\\/archives\\\/2651#article\",\"isPartOf\":{\"@id\":\"https:\\\/\\\/www.rentila.it\\\/support\\\/archives\\\/2651\"},\"author\":{\"name\":\"Rentila\",\"@id\":\"https:\\\/\\\/www.rentila.it\\\/support\\\/#\\\/schema\\\/person\\\/a32e5216900c5aaac33ecf5fd8525c6d\"},\"headline\":\"Canoni, Fatture e Avvisi di Pagamento\",\"datePublished\":\"2024-06-08T14:00:52+00:00\",\"dateModified\":\"2024-06-09T16:38:18+00:00\",\"mainEntityOfPage\":{\"@id\":\"https:\\\/\\\/www.rentila.it\\\/support\\\/archives\\\/2651\"},\"wordCount\":1351,\"commentCount\":0,\"publisher\":{\"@id\":\"https:\\\/\\\/www.rentila.it\\\/support\\\/#organization\"},\"articleSection\":[\"Locazioni\",\"Finanze\"],\"inLanguage\":\"it-IT\"},{\"@type\":\"WebPage\",\"@id\":\"https:\\\/\\\/www.rentila.it\\\/support\\\/archives\\\/2651\",\"url\":\"https:\\\/\\\/www.rentila.it\\\/support\\\/archives\\\/2651\",\"name\":\"Canoni, Fatture e Avvisi di Pagamento - Centro Supporto - Rentila\",\"isPartOf\":{\"@id\":\"https:\\\/\\\/www.rentila.it\\\/support\\\/#website\"},\"datePublished\":\"2024-06-08T14:00:52+00:00\",\"dateModified\":\"2024-06-09T16:38:18+00:00\",\"breadcrumb\":{\"@id\":\"https:\\\/\\\/www.rentila.it\\\/support\\\/archives\\\/2651#breadcrumb\"},\"inLanguage\":\"it-IT\",\"potentialAction\":[{\"@type\":\"ReadAction\",\"target\":[\"https:\\\/\\\/www.rentila.it\\\/support\\\/archives\\\/2651\"]}]},{\"@type\":\"BreadcrumbList\",\"@id\":\"https:\\\/\\\/www.rentila.it\\\/support\\\/archives\\\/2651#breadcrumb\",\"itemListElement\":[{\"@type\":\"ListItem\",\"position\":1,\"name\":\"Home\",\"item\":\"https:\\\/\\\/www.rentila.it\\\/support\\\/\"},{\"@type\":\"ListItem\",\"position\":2,\"name\":\"Canoni, Fatture e Avvisi di Pagamento\"}]},{\"@type\":\"WebSite\",\"@id\":\"https:\\\/\\\/www.rentila.it\\\/support\\\/#website\",\"url\":\"https:\\\/\\\/www.rentila.it\\\/support\\\/\",\"name\":\"Centro Supporto - Rentila\",\"description\":\"\",\"publisher\":{\"@id\":\"https:\\\/\\\/www.rentila.it\\\/support\\\/#organization\"},\"potentialAction\":[{\"@type\":\"SearchAction\",\"target\":{\"@type\":\"EntryPoint\",\"urlTemplate\":\"https:\\\/\\\/www.rentila.it\\\/support\\\/?s={search_term_string}\"},\"query-input\":{\"@type\":\"PropertyValueSpecification\",\"valueRequired\":true,\"valueName\":\"search_term_string\"}}],\"inLanguage\":\"it-IT\"},{\"@type\":\"Organization\",\"@id\":\"https:\\\/\\\/www.rentila.it\\\/support\\\/#organization\",\"name\":\"Rentila\",\"url\":\"https:\\\/\\\/www.rentila.it\\\/support\\\/\",\"logo\":{\"@type\":\"ImageObject\",\"inLanguage\":\"it-IT\",\"@id\":\"https:\\\/\\\/www.rentila.it\\\/support\\\/#\\\/schema\\\/logo\\\/image\\\/\",\"url\":\"https:\\\/\\\/www.rentila.it\\\/support\\\/wp-content\\\/uploads\\\/2016\\\/11\\\/1024.jpg\",\"contentUrl\":\"https:\\\/\\\/www.rentila.it\\\/support\\\/wp-content\\\/uploads\\\/2016\\\/11\\\/1024.jpg\",\"width\":1024,\"height\":1024,\"caption\":\"Rentila\"},\"image\":{\"@id\":\"https:\\\/\\\/www.rentila.it\\\/support\\\/#\\\/schema\\\/logo\\\/image\\\/\"}},{\"@type\":\"Person\",\"@id\":\"https:\\\/\\\/www.rentila.it\\\/support\\\/#\\\/schema\\\/person\\\/a32e5216900c5aaac33ecf5fd8525c6d\",\"name\":\"Rentila\",\"image\":{\"@type\":\"ImageObject\",\"inLanguage\":\"it-IT\",\"@id\":\"https:\\\/\\\/secure.gravatar.com\\\/avatar\\\/c4fca21133a60c87d700e0dacc408e758b6e572296ec467d947953283975eea8?s=96&d=mm&r=g\",\"url\":\"https:\\\/\\\/secure.gravatar.com\\\/avatar\\\/c4fca21133a60c87d700e0dacc408e758b6e572296ec467d947953283975eea8?s=96&d=mm&r=g\",\"contentUrl\":\"https:\\\/\\\/secure.gravatar.com\\\/avatar\\\/c4fca21133a60c87d700e0dacc408e758b6e572296ec467d947953283975eea8?s=96&d=mm&r=g\",\"caption\":\"Rentila\"}}]}<\/script>\n<!-- \/ Yoast SEO plugin. -->","yoast_head_json":{"title":"Canoni, Fatture e Avvisi di Pagamento - Centro Supporto - Rentila","robots":{"index":"index","follow":"follow","max-snippet":"max-snippet:-1","max-image-preview":"max-image-preview:large","max-video-preview":"max-video-preview:-1"},"canonical":"https:\/\/www.rentila.it\/support\/archives\/2651","og_locale":"it_IT","og_type":"article","og_title":"Canoni, Fatture e Avvisi di Pagamento - Centro Supporto - Rentila","og_description":"Creazione dell&#8217;affitto Per ciascun contratto di locazione, i pagamenti degli canoni e gli avvisi di pagamento vengono generati automaticamente il primo giorno del mese per impostazione predefinita, a meno che non sia indicato diversamente in Locazioni. Hai la possibilit\u00e0 di impostare la data in cui desideri generare l&#8217;avviso e il canone in Finanze, aggiungendo un","og_url":"https:\/\/www.rentila.it\/support\/archives\/2651","og_site_name":"Centro Supporto - Rentila","article_published_time":"2024-06-08T14:00:52+00:00","article_modified_time":"2024-06-09T16:38:18+00:00","author":"Rentila","twitter_card":"summary_large_image","twitter_misc":{"Scritto da":"Rentila","Tempo di lettura stimato":"8 minuti"},"schema":{"@context":"https:\/\/schema.org","@graph":[{"@type":"Article","@id":"https:\/\/www.rentila.it\/support\/archives\/2651#article","isPartOf":{"@id":"https:\/\/www.rentila.it\/support\/archives\/2651"},"author":{"name":"Rentila","@id":"https:\/\/www.rentila.it\/support\/#\/schema\/person\/a32e5216900c5aaac33ecf5fd8525c6d"},"headline":"Canoni, Fatture e Avvisi di Pagamento","datePublished":"2024-06-08T14:00:52+00:00","dateModified":"2024-06-09T16:38:18+00:00","mainEntityOfPage":{"@id":"https:\/\/www.rentila.it\/support\/archives\/2651"},"wordCount":1351,"commentCount":0,"publisher":{"@id":"https:\/\/www.rentila.it\/support\/#organization"},"articleSection":["Locazioni","Finanze"],"inLanguage":"it-IT"},{"@type":"WebPage","@id":"https:\/\/www.rentila.it\/support\/archives\/2651","url":"https:\/\/www.rentila.it\/support\/archives\/2651","name":"Canoni, Fatture e Avvisi di Pagamento - Centro Supporto - Rentila","isPartOf":{"@id":"https:\/\/www.rentila.it\/support\/#website"},"datePublished":"2024-06-08T14:00:52+00:00","dateModified":"2024-06-09T16:38:18+00:00","breadcrumb":{"@id":"https:\/\/www.rentila.it\/support\/archives\/2651#breadcrumb"},"inLanguage":"it-IT","potentialAction":[{"@type":"ReadAction","target":["https:\/\/www.rentila.it\/support\/archives\/2651"]}]},{"@type":"BreadcrumbList","@id":"https:\/\/www.rentila.it\/support\/archives\/2651#breadcrumb","itemListElement":[{"@type":"ListItem","position":1,"name":"Home","item":"https:\/\/www.rentila.it\/support\/"},{"@type":"ListItem","position":2,"name":"Canoni, Fatture e Avvisi di Pagamento"}]},{"@type":"WebSite","@id":"https:\/\/www.rentila.it\/support\/#website","url":"https:\/\/www.rentila.it\/support\/","name":"Centro Supporto - Rentila","description":"","publisher":{"@id":"https:\/\/www.rentila.it\/support\/#organization"},"potentialAction":[{"@type":"SearchAction","target":{"@type":"EntryPoint","urlTemplate":"https:\/\/www.rentila.it\/support\/?s={search_term_string}"},"query-input":{"@type":"PropertyValueSpecification","valueRequired":true,"valueName":"search_term_string"}}],"inLanguage":"it-IT"},{"@type":"Organization","@id":"https:\/\/www.rentila.it\/support\/#organization","name":"Rentila","url":"https:\/\/www.rentila.it\/support\/","logo":{"@type":"ImageObject","inLanguage":"it-IT","@id":"https:\/\/www.rentila.it\/support\/#\/schema\/logo\/image\/","url":"https:\/\/www.rentila.it\/support\/wp-content\/uploads\/2016\/11\/1024.jpg","contentUrl":"https:\/\/www.rentila.it\/support\/wp-content\/uploads\/2016\/11\/1024.jpg","width":1024,"height":1024,"caption":"Rentila"},"image":{"@id":"https:\/\/www.rentila.it\/support\/#\/schema\/logo\/image\/"}},{"@type":"Person","@id":"https:\/\/www.rentila.it\/support\/#\/schema\/person\/a32e5216900c5aaac33ecf5fd8525c6d","name":"Rentila","image":{"@type":"ImageObject","inLanguage":"it-IT","@id":"https:\/\/secure.gravatar.com\/avatar\/c4fca21133a60c87d700e0dacc408e758b6e572296ec467d947953283975eea8?s=96&d=mm&r=g","url":"https:\/\/secure.gravatar.com\/avatar\/c4fca21133a60c87d700e0dacc408e758b6e572296ec467d947953283975eea8?s=96&d=mm&r=g","contentUrl":"https:\/\/secure.gravatar.com\/avatar\/c4fca21133a60c87d700e0dacc408e758b6e572296ec467d947953283975eea8?s=96&d=mm&r=g","caption":"Rentila"}}]}},"_links":{"self":[{"href":"https:\/\/www.rentila.it\/support\/wp-json\/wp\/v2\/posts\/2651","targetHints":{"allow":["GET"]}}],"collection":[{"href":"https:\/\/www.rentila.it\/support\/wp-json\/wp\/v2\/posts"}],"about":[{"href":"https:\/\/www.rentila.it\/support\/wp-json\/wp\/v2\/types\/post"}],"author":[{"embeddable":true,"href":"https:\/\/www.rentila.it\/support\/wp-json\/wp\/v2\/users\/3"}],"replies":[{"embeddable":true,"href":"https:\/\/www.rentila.it\/support\/wp-json\/wp\/v2\/comments?post=2651"}],"version-history":[{"count":1,"href":"https:\/\/www.rentila.it\/support\/wp-json\/wp\/v2\/posts\/2651\/revisions"}],"predecessor-version":[{"id":2653,"href":"https:\/\/www.rentila.it\/support\/wp-json\/wp\/v2\/posts\/2651\/revisions\/2653"}],"wp:attachment":[{"href":"https:\/\/www.rentila.it\/support\/wp-json\/wp\/v2\/media?parent=2651"}],"wp:term":[{"taxonomy":"category","embeddable":true,"href":"https:\/\/www.rentila.it\/support\/wp-json\/wp\/v2\/categories?post=2651"},{"taxonomy":"post_tag","embeddable":true,"href":"https:\/\/www.rentila.it\/support\/wp-json\/wp\/v2\/tags?post=2651"}],"curies":[{"name":"wp","href":"https:\/\/api.w.org\/{rel}","templated":true}]}}