{"id":791,"date":"2017-10-27T21:24:52","date_gmt":"2017-10-27T21:24:52","guid":{"rendered":"https:\/\/rentila.it\/blog\/?p=791"},"modified":"2025-11-04T15:02:14","modified_gmt":"2025-11-04T15:02:14","slug":"subaffitto-di-una-casa-o-stanza","status":"publish","type":"post","link":"https:\/\/www.rentila.it\/blog\/2017\/10\/27\/subaffitto-di-una-casa-o-stanza\/","title":{"rendered":"Subaffitto di una casa o stanza: le regole da conoscere"},"content":{"rendered":"<div><img decoding=\"async\" class=\"alignleft size-full wp-image-516\" title=\"newspaper\" src=\"https:\/\/www.rentila.it\/assets\/img\/blog\/blog_tenants.png\" alt=\"Subaffitto di una casa o stanza: le regole da conoscere\" \/><\/div>\n<p class=\"lead\">Come funziona il subaffitto? \u00c8 legale in Italia la sublocazione? Cosa deve fare un proprietario di casa? Che documenti servono per il subaffitto di una casa o di una stanza?<\/p>\n<p><!--more--><br \/>\nQueste sono solo alcune delle domande pi\u00f9 frequenti, quando si parla di sublocazione di un immobile. C&#8217;\u00e8 ancora molta confusione in merito, e spesso si pensa che sia una pratica illegale, o comunque non consentita. <\/p>\n<p>Cerchiamo quindi di fare un po&#8217; di chiarezza, e rispondere a queste ed altre domande!<\/p>\n<h2>Che cosa si intende per &#8220;subaffitto&#8221;?<\/h2>\n<p>Si parla di subaffitto (o sublocazione) quando l&#8217;inquilino (lo chiameremo &#8220;Paolo&#8221;) stipula con un soggetto terzo (che chiameremo &#8220;Marco&#8221;) un contratto di locazione per un appartamento o stanza, il cui affitto \u00e8 a lui intestato. \u00c8 quindi <strong>un contratto completamente indipendente<\/strong> da quello che l&#8217;inquilino ha stipulato con il proprietario di casa (che chiameremo &#8220;Giovanna&#8221;), e che mantiene comunque inalterati i suoi effetti. Si pu\u00f2 quindi dire che questo nuovo contratto di sublocazione, si va a &#8220;sovrapporre&#8221; a quello di locazione gi\u00e0 esistente tra inquilino e proprietario.<\/p>\n<div class=\"alert alert-warning\">LOCATORE (Giovanna) -&gt; contratto di locazione con -&gt; CONDUTTORE (Paolo) -&gt; a sua volta pu\u00f2 fare contratto di subaffitto con -&gt; SOGGETTO TERZO (Marco)<\/div>\n<p>Il locatore, primo di questa catena, pu\u00f2 quindi non avere alcun rapporto con il soggetto terzo. Insomma, Giovanna potrebbe non avere mai visto Marco. Tranne in casi particolari come, per esempio, se il conduttore non paga regolarmente l&#8217;affitto. In questo caso allora il locatore potrebbe richiedere al soggetto terzo il canone d&#8217;affitto, che quest&#8217;ultimo avrebbe in ogni caso dovuto corrispondere al conduttore.<\/p>\n<h2>Si pu\u00f2 subaffittare tutta la casa o solo una parte (come una stanza)?<\/h2>\n<p>A questa domanda risponde in maniera molto chiara la Legge. L&#8217;articolo di riferimento \u00e8 il <strong>n.2, Legge n. 392\/78<\/strong> (potete consultare il testo completo <a href=\"http:\/\/www.sicet.it\/pages\/normativa\/leggi\/leggi_nazionali\/legge_392-78.htm\" target=\"_blank\" rel=\"noopener\">CLICCANDO QUI<\/a>).<\/p>\n<p>La legge spiega che <strong>la sublocazione totale non \u00e8 possibile<\/strong> (salvo consenso del proprietario), mentre <strong>quella parziale \u00e8 ammessa<\/strong> (salvo rifiuto del proprietario). Tutto questo pu\u00f2 essere completamente rivisto, se nel contratto viene inserita una specifica clausola che regola la sublocazione. In poche parole: il proprietario nel contratto di locazione che far\u00e0 firmare all&#8217;inquilino, pu\u00f2 inserire una clausola dove nega qualsiasi tipo di sublocazione, o viceversa che lo consente in qualsiasi forma (totale o parziale).<\/p>\n<div class=\"alert alert-warning\">\n<h3 class=\"lead\">Attenzione!<\/h3>\n<p>Per i contratti transitori e transitori per studenti, \u00e8 vietata la sublocazione. La clausola deve essere obbligatoriamente inserita nel contratto d&#8217;affitto, come previsto dalla Convenzione italiana.<\/p>\n<\/div>\n<h2>La sublocazione deve avere una durata precisa?<\/h2>\n<p>La Legge non stabilisce dei parametri, e non d\u00e0 alcuna indicazione in merito. La cosa sicura \u00e8 che <strong>il subaffitto non pu\u00f2 durare pi\u00f9 della locazione principale<\/strong>. Ovvero: se il nostro inquilino Paolo ha un contratto 3+2, la sublocazione a Marco non pu\u00f2 durare pi\u00f9 di 3 anni.<br \/>\nBisogna anche tenere conto che se il soggetto terzo a cui \u00e8 stato subaffittato l&#8217;immobile decide di non andarsene, sar\u00e0 il conduttore a doversene occupare. Anche esecutivamente. In caso contrario dovr\u00e0 risarcire anche i danni per la restituzione dell&#8217;immobile in ritardo, rispetto al tempo stabilito contrattualmente.<\/p>\n<h2>Come si fa praticamente ad attivare un subaffitto?<\/h2>\n<p>Ecco tutti i passaggi che dovete fare per avviare un subaffitto:<\/p>\n<p><strong>1) <\/strong><strong>Comunicazione al proprietario<\/strong>: va inviata una raccomandata al conduttore indicando i dati del soggetto terzo (sub-conduttore), la durata che avr\u00e0 la sublocazione, e il numero delle stanze date in sublocazione.<\/p>\n<div class=\"alert alert-warning\">\n<h3 class=\"lead\">Attenzione!<\/h3>\n<p><strong>Se non viene mandata comunicazione al locatore di sublocazione parziale<\/strong>, quest&#8217;ultimo non pu\u00f2 interrompere il contratto di locazione (risoluzione del contratto di affitto) che ha con il conduttore. Pu\u00f2 farlo solo nel caso che nel contratto di affitto ci sia una clausola esplicita di risoluzione.<br \/>\n<strong>Se invece si tratta di sublocazione totale<\/strong>, essendo espressamente vietata dalla Legge come abbiamo visto sopra, il locatore pu\u00f2 richiedere l&#8217;uscita immediata dall&#8217;immobile da parte del conduttore, e del sub-conduttore.<\/p>\n<\/div>\n<p><strong>2) <\/strong><em>(se sublocazione superiore ai 30 giorni)<\/em> <strong>registrare il contratto di sublocazione, pagando il 2% di <a href=\"https:\/\/rentila.it\/blog\/2017\/05\/14\/imposta-di-registro-locazione\/\" target=\"_blank\" rel=\"noopener\">imposta di registro<\/a>.<\/strong> La registrazione va fatta entro 30 giorni dalla stipula del contratto, presso gli uffici dell&#8217;Agenzia delle Entrate (<a href=\"http:\/\/www.agenziaentrate.gov.it\/wps\/content\/nsilib\/nsi\/home\/cosadevifare\/registrare\/registrazione+contratti+beni+immobili\/contratto+di+locazione+07+2013\/sw+comp+rli\" target=\"_blank\" rel=\"noopener\">modello RLI<\/a>), e a seguito del versamento dell&#8217;imposta di registro tramite <a href=\"http:\/\/www.agenziaentrate.gov.it\/wps\/content\/nsilib\/nsi\/home\/cosadevifare\/versare\/f24+elementi+identificativi+f24elide\/modello+e+istruzioni+f24elide\" target=\"_blank\" rel=\"noopener\">modello F24 Elide<\/a>.<\/p>\n<p>La Circolare 37\/E\/1986 dell\u2019Agenzia delle Entrate del 1986 a proposito dell\u2019imposta di registro (articolo 5, n. 1) chiarisce che \u201c<em>pur nel silenzio della legge che non li indica espressamente, debbono considerarsi inclusi nella previsione legislativa anche i subaffitti e le sublocazioni, in quanto in entrambe le fattispecie il conduttore, nel concedere il bene in subaffitto od in sublocazione, assume la veste propria del concedente<\/em>\u201c.<\/p>\n<p><strong>3)<\/strong> <em>(se sub-conduttore \u00e8 extracomunitario)<\/em> <strong>presentazione del modello di &#8220;dichiarazione di ospitalit\u00e0&#8221;<\/strong> per denunciare il subaffitto.<\/p>\n<h2>Il proprietario come pu\u00f2 inquadrare, a livello fiscale, il subaffitto?<\/h2>\n<p>Su questo interviene la Legge, all&#8217;<a href=\"http:\/\/www.altalex.com\/documents\/leggi\/2014\/04\/07\/tuir-titolo-i-capo-vii-redditi-diversi#61905\" target=\"_blank\" rel=\"noopener\">art. 67, comma 1, lettera h<\/a> del Testo unico delle imposte sui redditi.<br \/>\nSpecificando quanto segue:&#8221;<em>i redditi derivanti dalla concessione in usufrutto e dalla sublocazione di beni immobili, dall&#8217;affitto, locazione, noleggio o concessione in uso di veicoli, macchine e altri beni mobili, dall&#8217;affitto e dalla concessione in usufrutto di aziende; l&#8217;affitto e la concessione in usufrutto dell&#8217;unica azienda da parte dell&#8217;imprenditore non si considerano fatti nell&#8217;esercizio dell&#8217;impresa, ma in caso di successiva vendita totale o parziale le plusvalenze realizzate concorrono a formare il reddito complessivo come redditi diversi<\/em>&#8220;.<\/p>\n<p>Il <strong>reddito derivante da sublocazione<\/strong>, \u00e8 pari alla differenza tra quanto incassato da sublocatore nell\u2019anno e le spese specificatamente inerenti (art. 71, comma 2), come il canone di locazione corrisposto al proprietario dell\u2019appartamento. Tali importi <strong>devono essere dichiarati nel modello 730<\/strong>, riga D4, indicando nella colonna 1 (tipo di reddito) il codice &#8220;3&#8221;, ovvero nel modello Unico Pf, riga RL10.<\/p>\n","protected":false},"excerpt":{"rendered":"<p>Come funziona il subaffitto? \u00c8 legale in Italia la sublocazione? Cosa deve fare un proprietario di casa? Che documenti servono per il subaffitto di una casa o di una stanza?<\/p>\n","protected":false},"author":3,"featured_media":0,"comment_status":"open","ping_status":"open","sticky":false,"template":"","format":"standard","meta":{"footnotes":""},"categories":[42,15],"tags":[78,79],"class_list":["post-791","post","type-post","status-publish","format-standard","hentry","category-aspetti-fiscali","category-tipologie-di-contratti","tag-subaffitto","tag-sublocazione"],"yoast_head":"<!-- This site is optimized with the Yoast SEO plugin v27.5 - https:\/\/yoast.com\/product\/yoast-seo-wordpress\/ -->\n<title>Subaffitto di una casa o stanza: le risposte alle domande pi\u00f9 frequenti<\/title>\n<meta name=\"description\" content=\"Come funziona il subaffitto? Come si fa praticamente ad attivarlo? Cosa dice la Legge italiana? Che durata deve avere la sublocazione? In pochi sanno che ...\" \/>\n<meta name=\"robots\" content=\"index, follow, max-snippet:-1, max-image-preview:large, max-video-preview:-1\" \/>\n<link rel=\"canonical\" href=\"https:\/\/www.rentila.it\/blog\/2017\/10\/27\/subaffitto-di-una-casa-o-stanza\/\" \/>\n<meta property=\"og:locale\" content=\"it_IT\" \/>\n<meta property=\"og:type\" content=\"article\" \/>\n<meta property=\"og:title\" content=\"Subaffitto di una casa o stanza: le risposte alle domande pi\u00f9 frequenti\" \/>\n<meta property=\"og:description\" content=\"Come funziona il subaffitto? Come si fa praticamente ad attivarlo? Cosa dice la Legge italiana? Che durata deve avere la sublocazione? In pochi sanno che ...\" \/>\n<meta property=\"og:url\" content=\"https:\/\/www.rentila.it\/blog\/2017\/10\/27\/subaffitto-di-una-casa-o-stanza\/\" \/>\n<meta property=\"og:site_name\" content=\"Rentila Italia - Blog Immobiliare, gestione della propriet\u00e0 immobiliare\" \/>\n<meta property=\"article:publisher\" content=\"https:\/\/www.facebook.com\/rentilait\/\" \/>\n<meta property=\"article:published_time\" content=\"2017-10-27T21:24:52+00:00\" \/>\n<meta property=\"article:modified_time\" content=\"2025-11-04T15:02:14+00:00\" \/>\n<meta name=\"author\" content=\"Gaia Gasparetto\" \/>\n<meta name=\"twitter:card\" content=\"summary_large_image\" \/>\n<meta name=\"twitter:label1\" content=\"Scritto da\" \/>\n\t<meta name=\"twitter:data1\" content=\"Gaia Gasparetto\" \/>\n\t<meta name=\"twitter:label2\" content=\"Tempo di lettura stimato\" \/>\n\t<meta name=\"twitter:data2\" content=\"6 minuti\" \/>\n<script type=\"application\/ld+json\" class=\"yoast-schema-graph\">{\"@context\":\"https:\\\/\\\/schema.org\",\"@graph\":[{\"@type\":\"Article\",\"@id\":\"https:\\\/\\\/www.rentila.it\\\/blog\\\/2017\\\/10\\\/27\\\/subaffitto-di-una-casa-o-stanza\\\/#article\",\"isPartOf\":{\"@id\":\"https:\\\/\\\/www.rentila.it\\\/blog\\\/2017\\\/10\\\/27\\\/subaffitto-di-una-casa-o-stanza\\\/\"},\"author\":{\"name\":\"Gaia Gasparetto\",\"@id\":\"https:\\\/\\\/www.rentila.it\\\/blog\\\/#\\\/schema\\\/person\\\/b2049cc31506565ece718dfb13da70c2\"},\"headline\":\"Subaffitto di una casa o stanza: le regole da conoscere\",\"datePublished\":\"2017-10-27T21:24:52+00:00\",\"dateModified\":\"2025-11-04T15:02:14+00:00\",\"mainEntityOfPage\":{\"@id\":\"https:\\\/\\\/www.rentila.it\\\/blog\\\/2017\\\/10\\\/27\\\/subaffitto-di-una-casa-o-stanza\\\/\"},\"wordCount\":909,\"commentCount\":0,\"publisher\":{\"@id\":\"https:\\\/\\\/www.rentila.it\\\/blog\\\/#organization\"},\"image\":{\"@id\":\"https:\\\/\\\/www.rentila.it\\\/blog\\\/2017\\\/10\\\/27\\\/subaffitto-di-una-casa-o-stanza\\\/#primaryimage\"},\"thumbnailUrl\":\"https:\\\/\\\/www.rentila.it\\\/assets\\\/img\\\/blog\\\/blog_tenants.png\",\"keywords\":[\"subaffitto\",\"sublocazione\"],\"articleSection\":[\"Aspetti fiscali\",\"Contratti\"],\"inLanguage\":\"it-IT\"},{\"@type\":\"WebPage\",\"@id\":\"https:\\\/\\\/www.rentila.it\\\/blog\\\/2017\\\/10\\\/27\\\/subaffitto-di-una-casa-o-stanza\\\/\",\"url\":\"https:\\\/\\\/www.rentila.it\\\/blog\\\/2017\\\/10\\\/27\\\/subaffitto-di-una-casa-o-stanza\\\/\",\"name\":\"Subaffitto di una casa o stanza: le risposte alle domande pi\u00f9 frequenti\",\"isPartOf\":{\"@id\":\"https:\\\/\\\/www.rentila.it\\\/blog\\\/#website\"},\"primaryImageOfPage\":{\"@id\":\"https:\\\/\\\/www.rentila.it\\\/blog\\\/2017\\\/10\\\/27\\\/subaffitto-di-una-casa-o-stanza\\\/#primaryimage\"},\"image\":{\"@id\":\"https:\\\/\\\/www.rentila.it\\\/blog\\\/2017\\\/10\\\/27\\\/subaffitto-di-una-casa-o-stanza\\\/#primaryimage\"},\"thumbnailUrl\":\"https:\\\/\\\/www.rentila.it\\\/assets\\\/img\\\/blog\\\/blog_tenants.png\",\"datePublished\":\"2017-10-27T21:24:52+00:00\",\"dateModified\":\"2025-11-04T15:02:14+00:00\",\"description\":\"Come funziona il subaffitto? Come si fa praticamente ad attivarlo? Cosa dice la Legge italiana? Che durata deve avere la sublocazione? In pochi sanno che ...\",\"breadcrumb\":{\"@id\":\"https:\\\/\\\/www.rentila.it\\\/blog\\\/2017\\\/10\\\/27\\\/subaffitto-di-una-casa-o-stanza\\\/#breadcrumb\"},\"inLanguage\":\"it-IT\",\"potentialAction\":[{\"@type\":\"ReadAction\",\"target\":[\"https:\\\/\\\/www.rentila.it\\\/blog\\\/2017\\\/10\\\/27\\\/subaffitto-di-una-casa-o-stanza\\\/\"]}]},{\"@type\":\"ImageObject\",\"inLanguage\":\"it-IT\",\"@id\":\"https:\\\/\\\/www.rentila.it\\\/blog\\\/2017\\\/10\\\/27\\\/subaffitto-di-una-casa-o-stanza\\\/#primaryimage\",\"url\":\"https:\\\/\\\/www.rentila.it\\\/assets\\\/img\\\/blog\\\/blog_tenants.png\",\"contentUrl\":\"https:\\\/\\\/www.rentila.it\\\/assets\\\/img\\\/blog\\\/blog_tenants.png\"},{\"@type\":\"BreadcrumbList\",\"@id\":\"https:\\\/\\\/www.rentila.it\\\/blog\\\/2017\\\/10\\\/27\\\/subaffitto-di-una-casa-o-stanza\\\/#breadcrumb\",\"itemListElement\":[{\"@type\":\"ListItem\",\"position\":1,\"name\":\"Home\",\"item\":\"https:\\\/\\\/www.rentila.it\\\/blog\\\/\"},{\"@type\":\"ListItem\",\"position\":2,\"name\":\"Subaffitto di una casa o stanza: le regole da conoscere\"}]},{\"@type\":\"WebSite\",\"@id\":\"https:\\\/\\\/www.rentila.it\\\/blog\\\/#website\",\"url\":\"https:\\\/\\\/www.rentila.it\\\/blog\\\/\",\"name\":\"Rentila Italia - Blog Immobiliare, gestione della propriet\u00e0 immobiliare\",\"description\":\"\",\"publisher\":{\"@id\":\"https:\\\/\\\/www.rentila.it\\\/blog\\\/#organization\"},\"potentialAction\":[{\"@type\":\"SearchAction\",\"target\":{\"@type\":\"EntryPoint\",\"urlTemplate\":\"https:\\\/\\\/www.rentila.it\\\/blog\\\/?s={search_term_string}\"},\"query-input\":{\"@type\":\"PropertyValueSpecification\",\"valueRequired\":true,\"valueName\":\"search_term_string\"}}],\"inLanguage\":\"it-IT\"},{\"@type\":\"Organization\",\"@id\":\"https:\\\/\\\/www.rentila.it\\\/blog\\\/#organization\",\"name\":\"Rentila Italia\",\"url\":\"https:\\\/\\\/www.rentila.it\\\/blog\\\/\",\"logo\":{\"@type\":\"ImageObject\",\"inLanguage\":\"it-IT\",\"@id\":\"https:\\\/\\\/www.rentila.it\\\/blog\\\/#\\\/schema\\\/logo\\\/image\\\/\",\"url\":\"https:\\\/\\\/www.rentila.it\\\/blog\\\/wp-content\\\/uploads\\\/2016\\\/04\\\/logo_house_256px.jpg\",\"contentUrl\":\"https:\\\/\\\/www.rentila.it\\\/blog\\\/wp-content\\\/uploads\\\/2016\\\/04\\\/logo_house_256px.jpg\",\"width\":256,\"height\":256,\"caption\":\"Rentila Italia\"},\"image\":{\"@id\":\"https:\\\/\\\/www.rentila.it\\\/blog\\\/#\\\/schema\\\/logo\\\/image\\\/\"},\"sameAs\":[\"https:\\\/\\\/www.facebook.com\\\/rentilait\\\/\"]},{\"@type\":\"Person\",\"@id\":\"https:\\\/\\\/www.rentila.it\\\/blog\\\/#\\\/schema\\\/person\\\/b2049cc31506565ece718dfb13da70c2\",\"name\":\"Gaia Gasparetto\",\"image\":{\"@type\":\"ImageObject\",\"inLanguage\":\"it-IT\",\"@id\":\"https:\\\/\\\/secure.gravatar.com\\\/avatar\\\/9731adb8dcceef64952cf45037fba17fe8ec3f6a0ba640fb18678e50e42440a8?s=96&d=mm&r=g\",\"url\":\"https:\\\/\\\/secure.gravatar.com\\\/avatar\\\/9731adb8dcceef64952cf45037fba17fe8ec3f6a0ba640fb18678e50e42440a8?s=96&d=mm&r=g\",\"contentUrl\":\"https:\\\/\\\/secure.gravatar.com\\\/avatar\\\/9731adb8dcceef64952cf45037fba17fe8ec3f6a0ba640fb18678e50e42440a8?s=96&d=mm&r=g\",\"caption\":\"Gaia Gasparetto\"},\"sameAs\":[\"https:\\\/\\\/www.linkedin.com\\\/in\\\/gaiagasparetto\\\/\"]}]}<\/script>\n<!-- \/ Yoast SEO plugin. -->","yoast_head_json":{"title":"Subaffitto di una casa o stanza: le risposte alle domande pi\u00f9 frequenti","description":"Come funziona il subaffitto? Come si fa praticamente ad attivarlo? Cosa dice la Legge italiana? Che durata deve avere la sublocazione? In pochi sanno che ...","robots":{"index":"index","follow":"follow","max-snippet":"max-snippet:-1","max-image-preview":"max-image-preview:large","max-video-preview":"max-video-preview:-1"},"canonical":"https:\/\/www.rentila.it\/blog\/2017\/10\/27\/subaffitto-di-una-casa-o-stanza\/","og_locale":"it_IT","og_type":"article","og_title":"Subaffitto di una casa o stanza: le risposte alle domande pi\u00f9 frequenti","og_description":"Come funziona il subaffitto? Come si fa praticamente ad attivarlo? Cosa dice la Legge italiana? Che durata deve avere la sublocazione? In pochi sanno che ...","og_url":"https:\/\/www.rentila.it\/blog\/2017\/10\/27\/subaffitto-di-una-casa-o-stanza\/","og_site_name":"Rentila Italia - Blog Immobiliare, gestione della propriet\u00e0 immobiliare","article_publisher":"https:\/\/www.facebook.com\/rentilait\/","article_published_time":"2017-10-27T21:24:52+00:00","article_modified_time":"2025-11-04T15:02:14+00:00","author":"Gaia Gasparetto","twitter_card":"summary_large_image","twitter_misc":{"Scritto da":"Gaia Gasparetto","Tempo di lettura stimato":"6 minuti"},"schema":{"@context":"https:\/\/schema.org","@graph":[{"@type":"Article","@id":"https:\/\/www.rentila.it\/blog\/2017\/10\/27\/subaffitto-di-una-casa-o-stanza\/#article","isPartOf":{"@id":"https:\/\/www.rentila.it\/blog\/2017\/10\/27\/subaffitto-di-una-casa-o-stanza\/"},"author":{"name":"Gaia Gasparetto","@id":"https:\/\/www.rentila.it\/blog\/#\/schema\/person\/b2049cc31506565ece718dfb13da70c2"},"headline":"Subaffitto di una casa o stanza: le regole da conoscere","datePublished":"2017-10-27T21:24:52+00:00","dateModified":"2025-11-04T15:02:14+00:00","mainEntityOfPage":{"@id":"https:\/\/www.rentila.it\/blog\/2017\/10\/27\/subaffitto-di-una-casa-o-stanza\/"},"wordCount":909,"commentCount":0,"publisher":{"@id":"https:\/\/www.rentila.it\/blog\/#organization"},"image":{"@id":"https:\/\/www.rentila.it\/blog\/2017\/10\/27\/subaffitto-di-una-casa-o-stanza\/#primaryimage"},"thumbnailUrl":"https:\/\/www.rentila.it\/assets\/img\/blog\/blog_tenants.png","keywords":["subaffitto","sublocazione"],"articleSection":["Aspetti fiscali","Contratti"],"inLanguage":"it-IT"},{"@type":"WebPage","@id":"https:\/\/www.rentila.it\/blog\/2017\/10\/27\/subaffitto-di-una-casa-o-stanza\/","url":"https:\/\/www.rentila.it\/blog\/2017\/10\/27\/subaffitto-di-una-casa-o-stanza\/","name":"Subaffitto di una casa o stanza: le risposte alle domande pi\u00f9 frequenti","isPartOf":{"@id":"https:\/\/www.rentila.it\/blog\/#website"},"primaryImageOfPage":{"@id":"https:\/\/www.rentila.it\/blog\/2017\/10\/27\/subaffitto-di-una-casa-o-stanza\/#primaryimage"},"image":{"@id":"https:\/\/www.rentila.it\/blog\/2017\/10\/27\/subaffitto-di-una-casa-o-stanza\/#primaryimage"},"thumbnailUrl":"https:\/\/www.rentila.it\/assets\/img\/blog\/blog_tenants.png","datePublished":"2017-10-27T21:24:52+00:00","dateModified":"2025-11-04T15:02:14+00:00","description":"Come funziona il subaffitto? Come si fa praticamente ad attivarlo? Cosa dice la Legge italiana? Che durata deve avere la sublocazione? In pochi sanno che ...","breadcrumb":{"@id":"https:\/\/www.rentila.it\/blog\/2017\/10\/27\/subaffitto-di-una-casa-o-stanza\/#breadcrumb"},"inLanguage":"it-IT","potentialAction":[{"@type":"ReadAction","target":["https:\/\/www.rentila.it\/blog\/2017\/10\/27\/subaffitto-di-una-casa-o-stanza\/"]}]},{"@type":"ImageObject","inLanguage":"it-IT","@id":"https:\/\/www.rentila.it\/blog\/2017\/10\/27\/subaffitto-di-una-casa-o-stanza\/#primaryimage","url":"https:\/\/www.rentila.it\/assets\/img\/blog\/blog_tenants.png","contentUrl":"https:\/\/www.rentila.it\/assets\/img\/blog\/blog_tenants.png"},{"@type":"BreadcrumbList","@id":"https:\/\/www.rentila.it\/blog\/2017\/10\/27\/subaffitto-di-una-casa-o-stanza\/#breadcrumb","itemListElement":[{"@type":"ListItem","position":1,"name":"Home","item":"https:\/\/www.rentila.it\/blog\/"},{"@type":"ListItem","position":2,"name":"Subaffitto di una casa o stanza: le regole da conoscere"}]},{"@type":"WebSite","@id":"https:\/\/www.rentila.it\/blog\/#website","url":"https:\/\/www.rentila.it\/blog\/","name":"Rentila Italia - Blog Immobiliare, gestione della propriet\u00e0 immobiliare","description":"","publisher":{"@id":"https:\/\/www.rentila.it\/blog\/#organization"},"potentialAction":[{"@type":"SearchAction","target":{"@type":"EntryPoint","urlTemplate":"https:\/\/www.rentila.it\/blog\/?s={search_term_string}"},"query-input":{"@type":"PropertyValueSpecification","valueRequired":true,"valueName":"search_term_string"}}],"inLanguage":"it-IT"},{"@type":"Organization","@id":"https:\/\/www.rentila.it\/blog\/#organization","name":"Rentila Italia","url":"https:\/\/www.rentila.it\/blog\/","logo":{"@type":"ImageObject","inLanguage":"it-IT","@id":"https:\/\/www.rentila.it\/blog\/#\/schema\/logo\/image\/","url":"https:\/\/www.rentila.it\/blog\/wp-content\/uploads\/2016\/04\/logo_house_256px.jpg","contentUrl":"https:\/\/www.rentila.it\/blog\/wp-content\/uploads\/2016\/04\/logo_house_256px.jpg","width":256,"height":256,"caption":"Rentila Italia"},"image":{"@id":"https:\/\/www.rentila.it\/blog\/#\/schema\/logo\/image\/"},"sameAs":["https:\/\/www.facebook.com\/rentilait\/"]},{"@type":"Person","@id":"https:\/\/www.rentila.it\/blog\/#\/schema\/person\/b2049cc31506565ece718dfb13da70c2","name":"Gaia Gasparetto","image":{"@type":"ImageObject","inLanguage":"it-IT","@id":"https:\/\/secure.gravatar.com\/avatar\/9731adb8dcceef64952cf45037fba17fe8ec3f6a0ba640fb18678e50e42440a8?s=96&d=mm&r=g","url":"https:\/\/secure.gravatar.com\/avatar\/9731adb8dcceef64952cf45037fba17fe8ec3f6a0ba640fb18678e50e42440a8?s=96&d=mm&r=g","contentUrl":"https:\/\/secure.gravatar.com\/avatar\/9731adb8dcceef64952cf45037fba17fe8ec3f6a0ba640fb18678e50e42440a8?s=96&d=mm&r=g","caption":"Gaia Gasparetto"},"sameAs":["https:\/\/www.linkedin.com\/in\/gaiagasparetto\/"]}]}},"_links":{"self":[{"href":"https:\/\/www.rentila.it\/blog\/wp-json\/wp\/v2\/posts\/791","targetHints":{"allow":["GET"]}}],"collection":[{"href":"https:\/\/www.rentila.it\/blog\/wp-json\/wp\/v2\/posts"}],"about":[{"href":"https:\/\/www.rentila.it\/blog\/wp-json\/wp\/v2\/types\/post"}],"author":[{"embeddable":true,"href":"https:\/\/www.rentila.it\/blog\/wp-json\/wp\/v2\/users\/3"}],"replies":[{"embeddable":true,"href":"https:\/\/www.rentila.it\/blog\/wp-json\/wp\/v2\/comments?post=791"}],"version-history":[{"count":24,"href":"https:\/\/www.rentila.it\/blog\/wp-json\/wp\/v2\/posts\/791\/revisions"}],"predecessor-version":[{"id":7189,"href":"https:\/\/www.rentila.it\/blog\/wp-json\/wp\/v2\/posts\/791\/revisions\/7189"}],"wp:attachment":[{"href":"https:\/\/www.rentila.it\/blog\/wp-json\/wp\/v2\/media?parent=791"}],"wp:term":[{"taxonomy":"category","embeddable":true,"href":"https:\/\/www.rentila.it\/blog\/wp-json\/wp\/v2\/categories?post=791"},{"taxonomy":"post_tag","embeddable":true,"href":"https:\/\/www.rentila.it\/blog\/wp-json\/wp\/v2\/tags?post=791"}],"curies":[{"name":"wp","href":"https:\/\/api.w.org\/{rel}","templated":true}]}}