{"id":7661,"date":"2026-04-27T11:12:56","date_gmt":"2026-04-27T11:12:56","guid":{"rendered":"https:\/\/www.rentila.it\/blog\/?p=7661"},"modified":"2026-04-27T11:12:56","modified_gmt":"2026-04-27T11:12:56","slug":"punto-attualita-immobiliare-aprile-2026","status":"publish","type":"post","link":"https:\/\/www.rentila.it\/blog\/2026\/04\/27\/punto-attualita-immobiliare-aprile-2026\/","title":{"rendered":"Il punto sull\u2019attualit\u00e0 immobiliare: Aprile 2026"},"content":{"rendered":"<div><img decoding=\"async\" class=\"alignleft size-full wp-image-516\" title=\"newspaper\" src=\"https:\/\/www.rentila.it\/assets\/img\/blog\/blog_news_3.png\" alt=\"Il punto sull\u2019attualit\u00e0 immobiliare\" \/><\/div>\n<p class=\"lead\">Come ogni mese Rentila ti offre una panoramica sulle principali notizie immobiliari. Questo mese parleremo di: trend del mercato immobiliare, mutui, costo degli affitti, consigli e molto altro. Buona lettura e buon affitto!<\/p>\n<p><!--more--><\/p>\n<div class=\"phase-content__flag phase-1\">Trend Mercato<\/div>\n<p><!--section--><\/p>\n<h5>Nell\u2019UE corrono i prezzi di case e affitti, +5,5 per cento e +3,2 per cento a fine 2025<\/h5>\n<p>I dati Eurostat confermano una nuova fase di crescita per il mercato immobiliare europeo: nel quarto trimestre 2025 i prezzi delle abitazioni sono saliti del 5,5% nell\u2019UE, mentre gli affitti hanno registrato un aumento del 3,2%. L\u2019Italia si colloca sotto la media europea, ma resta dentro una tendenza generale di forte pressione abitativa&#8230;<br \/>\n<a href=\"https:\/\/www.eunews.it\/2026\/04\/07\/nellue-corrono-i-prezzi-di-case-e-affitti-55-per-cento-e-32-per-cento-a-fine-2025\/\" target=\"_blank\" rel=\"noreferrer noopener\">Leggi l&#8217;articolo \u2192<\/a><\/p>\n<hr \/>\n<h5>Mercato immobiliare e mutui tra crescita e nuove sfide<\/h5>\n<p>Il quadro tracciato dall\u2019Osservatorio Nomisma mostra un mercato residenziale ancora dinamico, con compravendite in aumento, tempi di vendita pi\u00f9 rapidi e prezzi in crescita moderata. Restano per\u00f2 centrali il ruolo del credito e la pressione degli affitti, ancora sostenuti dalla scarsit\u00e0 di offerta&#8230;<br \/>\n<a href=\"https:\/\/www.mutuionline.it\/news\/mercato-immobiliare-e-mutui-tra-crescita-e-nuove-sfide-00046188.asp\" target=\"_blank\" rel=\"noreferrer noopener\">Leggi l&#8217;articolo \u2192<\/a><\/p>\n<hr \/>\n<h5>Mercato immobiliare nelle citt\u00e0 termali, prezzi in crescita quasi ovunque. Bormio al top, poi Aosta e Merano. Ecco dove si spende di pi\u00f9<\/h5>\n<p>L\u2019indagine di Immobiliare.it Insights evidenzia una crescita diffusa dei prezzi nelle principali localit\u00e0 termali italiane. Bormio si conferma la destinazione pi\u00f9 cara sia per l\u2019acquisto sia per la locazione, mentre localit\u00e0 come Fiuggi e Acqui Terme restano tra le pi\u00f9 accessibili&#8230;<br \/>\n<a href=\"https:\/\/www.affaritaliani.it\/economia\/mercato-immobiliare-nelle-citta-termali-prezzi-in-crescita-quasi-ovunque-bormio-al-top-poi-aosta-e-merano-ecco-dove-si-spende-di-piu.html\" target=\"_blank\" rel=\"noreferrer noopener\">Leggi l&#8217;articolo \u2192<\/a><\/p>\n<hr \/>\n<h5>Comprare casa a Milano, prezzi in crescita. Centro sale del 5,5% con affitti da 1200 euro<\/h5>\n<p>Nel secondo semestre del 2025 il mercato immobiliare milanese ha registrato un aumento medio dei valori del 2,2%, con il Centro in crescita del 5,5%. Le aree di pregio restano sostenute dalla domanda di immobili di lusso, mentre gli affitti continuano a pesare soprattutto nelle zone centrali.<br \/>\n<a href=\"https:\/\/quifinanza.it\/mercato-immobiliare\/comprare-casa-milano-giugno-dicembre-2025\/974614\/\" target=\"_blank\" rel=\"noreferrer noopener\">Leggi l&#8217;articolo \u2192<\/a><\/p>\n<hr \/>\n<div class=\"phase-content__flag phase-1\">Mutuo<\/div>\n<p><!--section--><\/p>\n<h5>Case, prezzi in rialzo ovunque. E le rate del mutuo costano di pi\u00f9<\/h5>\n<p>L\u2019aumento dei prezzi delle abitazioni nelle principali citt\u00e0 italiane si combina con il peso maggiore delle rate dei mutui. A Milano e Roma l\u2019incremento della rata mensile rispetto all\u2019anno precedente rende necessario un reddito pi\u00f9 alto per sostenere l\u2019acquisto&#8230;<br \/>\n<a href=\"https:\/\/tg24.sky.it\/economia\/2026\/04\/07\/case-prezzi-aumento-mutuo\" target=\"_blank\" rel=\"noreferrer noopener\">Leggi l&#8217;articolo \u2192<\/a><\/p>\n<hr \/>\n<h5>Prestiti ancora in crescita, mentre cala il tasso sui mutui per la casa: il report di Abi<\/h5>\n<p>Secondo il report mensile Abi, a marzo 2026 il tasso medio sulle nuove operazioni per l\u2019acquisto di abitazioni \u00e8 sceso al 3,36%, rispetto al 3,44% di febbraio. I prestiti a famiglie e imprese continuano invece a crescere su base annua, confermando una fase di maggiore movimento del credito. <a href=\"https:\/\/tg24.sky.it\/economia\/2026\/04\/20\/mutui-2026-casa-dati\" target=\"_blank\" rel=\"noreferrer noopener\">Leggi l&#8217;articolo \u2192<\/a><\/p>\n<hr \/>\n<h5>Mutui al 100%: le opportunit\u00e0 di aprile 2026 per comprare casa senza anticipo<\/h5>\n<p>Le offerte di mutuo al 100% tornano al centro dell\u2019attenzione per chi vuole acquistare casa senza disporre di liquidit\u00e0 iniziale. Facile.it analizza alcune soluzioni disponibili ad aprile 2026, con focus su tassi fissi, Fondo Consap e prodotti pensati soprattutto per la prima casa&#8230;<br \/>\n<a href=\"https:\/\/www.facile.it\/mutui\/news\/offerte-mutuo-al-100-per-cento-aprile-2026.html\" target=\"_blank\" rel=\"noreferrer noopener\">Leggi l&#8217;articolo \u2192<\/a><\/p>\n<hr \/>\n<div class=\"phase-content__flag phase-1\">Affitto<\/div>\n<p><!--section--><\/p>\n<h5>Affitti, svolta al Senato: fino a 8 milioni di case possono tornare sul mercato<\/h5>\n<p>Tre disegni di legge puntano a sbloccare il mercato delle locazioni, riducendo i tempi di rilascio degli immobili e chiarendo l\u2019applicazione della cedolare secca. L\u2019obiettivo \u00e8 riportare sul mercato milioni di case oggi vuote, aumentando l\u2019offerta abitativa&#8230;<br \/>\n<a href=\"https:\/\/www.ilgiornale.it\/news\/aziende\/affitti-svolta-senato-fino-8-milioni-case-possono-tornare-2651311.html\" target=\"_blank\" rel=\"noreferrer noopener\">Leggi l&#8217;articolo \u2192<\/a><\/p>\n<hr \/>\n<h5>Politiche abitative in Senato: tre ddl per riportare milioni case gi\u00e0 costruite in affitto<\/h5>\n<p>L\u2019iniziativa legislativa presentata in Senato interviene su giustizia, fiscalit\u00e0 e regolazione del mercato delle locazioni. Le proposte mirano a ridurre il rischio percepito dai proprietari e ad ampliare l\u2019offerta di immobili abitativi e commerciali gi\u00e0 esistenti&#8230;<br \/>\n<a href=\"https:\/\/tg24.sky.it\/politica\/2026\/04\/14\/politiche-abitative-senato-ddl\" target=\"_blank\" rel=\"noreferrer noopener\">Leggi l&#8217;articolo \u2192<\/a><\/p>\n<hr \/>\n<h5>Affitti turistici di lusso, frenata a Firenze: prenotazioni gi\u00f9 fino all\u201980%<\/h5>\n<p>Il segmento medio-alto degli affitti turistici a Firenze registra una brusca frenata legata alle tensioni internazionali. Secondo Property Managers Italia, negli ultimi giorni le prenotazioni sono calate fino all\u201980%, soprattutto tra i viaggiatori extraeuropei&#8230;<br \/>\n<a href=\"https:\/\/www.t24economia.it\/art\/affitti-turistici-di-lusso-frenata-a-firenze-prenotazioni-giu-fino-all80\" target=\"_blank\" rel=\"noreferrer noopener\">Leggi l&#8217;articolo \u2192<\/a><\/p>\n<hr \/>\n<h5>Lavorare non basta: a Torino ci sono 5 quartieri in cui l\u2019affitto costa pi\u00f9 del 50% dello stipendio<\/h5>\n<p>Uno studio della Cgil evidenzia la crescente difficolt\u00e0 abitativa a Torino, dove in alcuni quartieri l\u2019affitto arriva a pesare oltre la met\u00e0 dello stipendio medio. Il problema non riguarda pi\u00f9 soltanto il centro, ma coinvolge anche zone periferiche della citt\u00e0.<br \/>\n<a href=\"https:\/\/www.lastampa.it\/torino\/2026\/04\/19\/news\/affitto_casa_torino_stipendi_cgil-15589973\/\" target=\"_blank\" rel=\"noreferrer noopener\">Leggi l&#8217;articolo \u2192<\/a><\/p>\n<hr \/>\n<div class=\"phase-content__flag phase-1\">Consigli<\/div>\n<p><!--section--><\/p>\n<h5>Comprare casa da pensionati, meglio trilocali e solo l\u20198,8% accende un mutuo<\/h5>\n<p>L\u2019analisi Tecnocasa mostra che i pensionati continuano a preferire l\u2019acquisto rispetto all\u2019affitto, soprattutto per l\u2019abitazione principale. Il trilocale resta la tipologia pi\u00f9 scelta, mentre il ricorso al mutuo \u00e8 molto limitato e riguarda solo una piccola quota delle operazioni&#8230;<br \/>\n<a href=\"https:\/\/quifinanza.it\/mercato-immobiliare\/comprare-casa-pensionati-2025\/972492\/\" target=\"_blank\" rel=\"noreferrer noopener\">Leggi l&#8217;articolo \u2192<\/a><\/p>\n<hr \/>\n<h5>Quotazioni OMI secondo semestre 2025: online i valori aggiornati dell\u2019Agenzia delle Entrate<\/h5>\n<p>Le nuove quotazioni OMI dell\u2019Agenzia delle Entrate permettono di consultare i valori minimi e massimi al metro quadro per compravendite e locazioni. Sono uno strumento utile per orientarsi, pur non sostituendo una valutazione reale di mercato.<br \/>\n<a href=\"https:\/\/www.idealista.it\/news\/immobiliare\/residenziale\/2026\/04\/14\/353859-quotazioni-omi-secondo-semestre-2025-online-i-valori-aggiornati-dell-agenzia\" target=\"_blank\" rel=\"noreferrer noopener\">Leggi l&#8217;articolo \u2192<\/a><\/p>\n<hr \/>\n<h5>Comprare casa: sempre pi\u00f9 donne single diventano proprietarie<\/h5>\n<p>Il trend delle donne single che acquistano casa si consolida anche in Italia, dove le acquirenti sole rappresentano una quota significativa del mercato. La scelta \u00e8 legata soprattutto alla ricerca di stabilit\u00e0, sicurezza e indipendenza economica nel lungo periodo&#8230;<br \/>\n<a href=\"https:\/\/alleyoop.ilsole24ore.com\/2026\/04\/14\/comprare-casa-donne-single\/\" target=\"_blank\" rel=\"noreferrer noopener\">Leggi l&#8217;articolo \u2192<\/a><\/p>\n<hr \/>\n<div class=\"phase-content__flag phase-1\">Altro<\/div>\n<p><!--section--><\/p>\n<h5>8,5 milioni di porte chiuse: perch\u00e9 l\u2019Italia \u00e8 il paese con pi\u00f9 case vuote d\u2019Europa<\/h5>\n<p>Il rapporto Federpropriet\u00e0-Censis fotografa il paradosso italiano delle case inutilizzate: 8,5 milioni di abitazioni restano fuori dal mercato, spesso concentrate nei piccoli comuni e nei borghi dell\u2019entroterra. Tra burocrazia, costi e paura della morosit\u00e0, molti proprietari scelgono di non affittare&#8230;<br \/>\n<a href=\"https:\/\/www.monetaweb.it\/mutui-e-casa\/85-milioni-di-porte-chiuse-perche-litalia-e-il-paese-con-piu-case-vuote-deuropa\/\" target=\"_blank\" rel=\"noreferrer noopener\">Leggi l&#8217;articolo \u2192<\/a><\/p>\n<hr \/>\n<h5>Tre disegni di legge per rimettere al centro la casa<\/h5>\n<p>I tre provvedimenti presentati dall\u2019Udc puntano a rendere il mercato delle locazioni pi\u00f9 trasparente, equo e sicuro. Le misure intervengono su tempi di rilascio degli immobili, cedolare secca e riattivazione del patrimonio non utilizzato&#8230;<br \/>\n<a href=\"https:\/\/www.avvenire.it\/politica\/tre-disegni-di-legge-per-rimettere-al-centro-la-casa_107165\" target=\"_blank\" rel=\"noreferrer noopener\">Leggi l&#8217;articolo \u2192<\/a><\/p>\n<hr \/>\n<h5>Investimenti immobiliari Q1 2026: volumi a 2,8 miliardi, in crescita del 12%<\/h5>\n<p>Nel primo trimestre del 2026 gli investimenti immobiliari in Italia raggiungono 2,8 miliardi di euro, con una crescita del 12% su base annua. Il dato segnala una ripresa degli operatori professionali, trainata da comparti come retail, hospitality e living.<br \/>\n<a href=\"https:\/\/www.monitorimmobiliare.it\/monitorimmobiliare\/notizia\/investimenti-immobiliari-q1-2026-volumi-a-2-8-miliardi-in-crescita-del-12-_2026-04-20124712\/\" target=\"_blank\" rel=\"noreferrer noopener\">Leggi l&#8217;articolo \u2192<\/a><\/p>\n<hr \/>\n","protected":false},"excerpt":{"rendered":"<p>Come ogni mese Rentila ti offre una panoramica sulle principali notizie immobiliari. Questo mese parleremo di: trend del mercato immobiliare, mutui, costo degli affitti, consigli e molto altro. Buona lettura e buon affitto!<\/p>\n","protected":false},"author":7,"featured_media":0,"comment_status":"closed","ping_status":"closed","sticky":false,"template":"","format":"standard","meta":{"footnotes":""},"categories":[1],"tags":[],"class_list":["post-7661","post","type-post","status-publish","format-standard","hentry","category-sviluppo-del-sito"],"yoast_head":"<!-- This site is optimized with the Yoast SEO plugin v27.4 - https:\/\/yoast.com\/product\/yoast-seo-wordpress\/ -->\n<title>Il punto sull\u2019attualit\u00e0 immobiliare: Aprile 2026 &#187; Rentila.it<\/title>\n<meta name=\"description\" content=\"Come ogni mese Rentila ti offre una panoramica sulle principali notizie immobiliari. Buona lettura e buon affitto!\" \/>\n<meta name=\"robots\" content=\"index, follow, max-snippet:-1, max-image-preview:large, max-video-preview:-1\" \/>\n<link rel=\"canonical\" href=\"https:\/\/www.rentila.it\/blog\/2026\/04\/27\/punto-attualita-immobiliare-aprile-2026\/\" \/>\n<meta property=\"og:locale\" content=\"it_IT\" \/>\n<meta property=\"og:type\" content=\"article\" \/>\n<meta property=\"og:title\" content=\"Il punto sull\u2019attualit\u00e0 immobiliare: Aprile 2026 &#187; Rentila.it\" \/>\n<meta property=\"og:description\" content=\"Come ogni mese Rentila ti offre una panoramica sulle principali notizie immobiliari. Buona lettura e buon affitto!\" \/>\n<meta property=\"og:url\" content=\"https:\/\/www.rentila.it\/blog\/2026\/04\/27\/punto-attualita-immobiliare-aprile-2026\/\" \/>\n<meta property=\"og:site_name\" content=\"Rentila Italia - Blog Immobiliare, gestione della propriet\u00e0 immobiliare\" \/>\n<meta property=\"article:publisher\" content=\"https:\/\/www.facebook.com\/rentilait\/\" \/>\n<meta property=\"article:published_time\" content=\"2026-04-27T11:12:56+00:00\" \/>\n<meta name=\"author\" content=\"Alessandro\" \/>\n<meta name=\"twitter:card\" content=\"summary_large_image\" \/>\n<meta name=\"twitter:label1\" content=\"Scritto da\" \/>\n\t<meta name=\"twitter:data1\" content=\"Alessandro\" \/>\n\t<meta name=\"twitter:label2\" content=\"Tempo di lettura stimato\" \/>\n\t<meta name=\"twitter:data2\" content=\"6 minuti\" \/>\n<script type=\"application\/ld+json\" class=\"yoast-schema-graph\">{\"@context\":\"https:\\\/\\\/schema.org\",\"@graph\":[{\"@type\":\"Article\",\"@id\":\"https:\\\/\\\/www.rentila.it\\\/blog\\\/2026\\\/04\\\/27\\\/punto-attualita-immobiliare-aprile-2026\\\/#article\",\"isPartOf\":{\"@id\":\"https:\\\/\\\/www.rentila.it\\\/blog\\\/2026\\\/04\\\/27\\\/punto-attualita-immobiliare-aprile-2026\\\/\"},\"author\":{\"name\":\"Alessandro\",\"@id\":\"https:\\\/\\\/www.rentila.it\\\/blog\\\/#\\\/schema\\\/person\\\/5803f2a68411a8aade0894542548c724\"},\"headline\":\"Il punto sull\u2019attualit\u00e0 immobiliare: Aprile 2026\",\"datePublished\":\"2026-04-27T11:12:56+00:00\",\"mainEntityOfPage\":{\"@id\":\"https:\\\/\\\/www.rentila.it\\\/blog\\\/2026\\\/04\\\/27\\\/punto-attualita-immobiliare-aprile-2026\\\/\"},\"wordCount\":999,\"publisher\":{\"@id\":\"https:\\\/\\\/www.rentila.it\\\/blog\\\/#organization\"},\"image\":{\"@id\":\"https:\\\/\\\/www.rentila.it\\\/blog\\\/2026\\\/04\\\/27\\\/punto-attualita-immobiliare-aprile-2026\\\/#primaryimage\"},\"thumbnailUrl\":\"https:\\\/\\\/www.rentila.it\\\/assets\\\/img\\\/blog\\\/blog_news_3.png\",\"articleSection\":[\"Sito Rentila\"],\"inLanguage\":\"it-IT\"},{\"@type\":\"WebPage\",\"@id\":\"https:\\\/\\\/www.rentila.it\\\/blog\\\/2026\\\/04\\\/27\\\/punto-attualita-immobiliare-aprile-2026\\\/\",\"url\":\"https:\\\/\\\/www.rentila.it\\\/blog\\\/2026\\\/04\\\/27\\\/punto-attualita-immobiliare-aprile-2026\\\/\",\"name\":\"Il punto sull\u2019attualit\u00e0 immobiliare: Aprile 2026 &#187; Rentila.it\",\"isPartOf\":{\"@id\":\"https:\\\/\\\/www.rentila.it\\\/blog\\\/#website\"},\"primaryImageOfPage\":{\"@id\":\"https:\\\/\\\/www.rentila.it\\\/blog\\\/2026\\\/04\\\/27\\\/punto-attualita-immobiliare-aprile-2026\\\/#primaryimage\"},\"image\":{\"@id\":\"https:\\\/\\\/www.rentila.it\\\/blog\\\/2026\\\/04\\\/27\\\/punto-attualita-immobiliare-aprile-2026\\\/#primaryimage\"},\"thumbnailUrl\":\"https:\\\/\\\/www.rentila.it\\\/assets\\\/img\\\/blog\\\/blog_news_3.png\",\"datePublished\":\"2026-04-27T11:12:56+00:00\",\"description\":\"Come ogni mese Rentila ti offre una panoramica sulle principali notizie immobiliari. Buona lettura e buon affitto!\",\"breadcrumb\":{\"@id\":\"https:\\\/\\\/www.rentila.it\\\/blog\\\/2026\\\/04\\\/27\\\/punto-attualita-immobiliare-aprile-2026\\\/#breadcrumb\"},\"inLanguage\":\"it-IT\",\"potentialAction\":[{\"@type\":\"ReadAction\",\"target\":[\"https:\\\/\\\/www.rentila.it\\\/blog\\\/2026\\\/04\\\/27\\\/punto-attualita-immobiliare-aprile-2026\\\/\"]}]},{\"@type\":\"ImageObject\",\"inLanguage\":\"it-IT\",\"@id\":\"https:\\\/\\\/www.rentila.it\\\/blog\\\/2026\\\/04\\\/27\\\/punto-attualita-immobiliare-aprile-2026\\\/#primaryimage\",\"url\":\"https:\\\/\\\/www.rentila.it\\\/assets\\\/img\\\/blog\\\/blog_news_3.png\",\"contentUrl\":\"https:\\\/\\\/www.rentila.it\\\/assets\\\/img\\\/blog\\\/blog_news_3.png\"},{\"@type\":\"BreadcrumbList\",\"@id\":\"https:\\\/\\\/www.rentila.it\\\/blog\\\/2026\\\/04\\\/27\\\/punto-attualita-immobiliare-aprile-2026\\\/#breadcrumb\",\"itemListElement\":[{\"@type\":\"ListItem\",\"position\":1,\"name\":\"Home\",\"item\":\"https:\\\/\\\/www.rentila.it\\\/blog\\\/\"},{\"@type\":\"ListItem\",\"position\":2,\"name\":\"Il punto sull\u2019attualit\u00e0 immobiliare: Aprile 2026\"}]},{\"@type\":\"WebSite\",\"@id\":\"https:\\\/\\\/www.rentila.it\\\/blog\\\/#website\",\"url\":\"https:\\\/\\\/www.rentila.it\\\/blog\\\/\",\"name\":\"Rentila Italia - Blog Immobiliare, gestione della propriet\u00e0 immobiliare\",\"description\":\"\",\"publisher\":{\"@id\":\"https:\\\/\\\/www.rentila.it\\\/blog\\\/#organization\"},\"potentialAction\":[{\"@type\":\"SearchAction\",\"target\":{\"@type\":\"EntryPoint\",\"urlTemplate\":\"https:\\\/\\\/www.rentila.it\\\/blog\\\/?s={search_term_string}\"},\"query-input\":{\"@type\":\"PropertyValueSpecification\",\"valueRequired\":true,\"valueName\":\"search_term_string\"}}],\"inLanguage\":\"it-IT\"},{\"@type\":\"Organization\",\"@id\":\"https:\\\/\\\/www.rentila.it\\\/blog\\\/#organization\",\"name\":\"Rentila Italia\",\"url\":\"https:\\\/\\\/www.rentila.it\\\/blog\\\/\",\"logo\":{\"@type\":\"ImageObject\",\"inLanguage\":\"it-IT\",\"@id\":\"https:\\\/\\\/www.rentila.it\\\/blog\\\/#\\\/schema\\\/logo\\\/image\\\/\",\"url\":\"https:\\\/\\\/www.rentila.it\\\/blog\\\/wp-content\\\/uploads\\\/2016\\\/04\\\/logo_house_256px.jpg\",\"contentUrl\":\"https:\\\/\\\/www.rentila.it\\\/blog\\\/wp-content\\\/uploads\\\/2016\\\/04\\\/logo_house_256px.jpg\",\"width\":256,\"height\":256,\"caption\":\"Rentila Italia\"},\"image\":{\"@id\":\"https:\\\/\\\/www.rentila.it\\\/blog\\\/#\\\/schema\\\/logo\\\/image\\\/\"},\"sameAs\":[\"https:\\\/\\\/www.facebook.com\\\/rentilait\\\/\"]},{\"@type\":\"Person\",\"@id\":\"https:\\\/\\\/www.rentila.it\\\/blog\\\/#\\\/schema\\\/person\\\/5803f2a68411a8aade0894542548c724\",\"name\":\"Alessandro\",\"image\":{\"@type\":\"ImageObject\",\"inLanguage\":\"it-IT\",\"@id\":\"https:\\\/\\\/secure.gravatar.com\\\/avatar\\\/74b0f7952beb80b98d01379e7167db26dfa67b38d113f481d62e7a90a9d37406?s=96&d=mm&r=g\",\"url\":\"https:\\\/\\\/secure.gravatar.com\\\/avatar\\\/74b0f7952beb80b98d01379e7167db26dfa67b38d113f481d62e7a90a9d37406?s=96&d=mm&r=g\",\"contentUrl\":\"https:\\\/\\\/secure.gravatar.com\\\/avatar\\\/74b0f7952beb80b98d01379e7167db26dfa67b38d113f481d62e7a90a9d37406?s=96&d=mm&r=g\",\"caption\":\"Alessandro\"}}]}<\/script>\n<!-- \/ Yoast SEO plugin. -->","yoast_head_json":{"title":"Il punto sull\u2019attualit\u00e0 immobiliare: Aprile 2026 &#187; Rentila.it","description":"Come ogni mese Rentila ti offre una panoramica sulle principali notizie immobiliari. Buona lettura e buon affitto!","robots":{"index":"index","follow":"follow","max-snippet":"max-snippet:-1","max-image-preview":"max-image-preview:large","max-video-preview":"max-video-preview:-1"},"canonical":"https:\/\/www.rentila.it\/blog\/2026\/04\/27\/punto-attualita-immobiliare-aprile-2026\/","og_locale":"it_IT","og_type":"article","og_title":"Il punto sull\u2019attualit\u00e0 immobiliare: Aprile 2026 &#187; Rentila.it","og_description":"Come ogni mese Rentila ti offre una panoramica sulle principali notizie immobiliari. Buona lettura e buon affitto!","og_url":"https:\/\/www.rentila.it\/blog\/2026\/04\/27\/punto-attualita-immobiliare-aprile-2026\/","og_site_name":"Rentila Italia - Blog Immobiliare, gestione della propriet\u00e0 immobiliare","article_publisher":"https:\/\/www.facebook.com\/rentilait\/","article_published_time":"2026-04-27T11:12:56+00:00","author":"Alessandro","twitter_card":"summary_large_image","twitter_misc":{"Scritto da":"Alessandro","Tempo di lettura stimato":"6 minuti"},"schema":{"@context":"https:\/\/schema.org","@graph":[{"@type":"Article","@id":"https:\/\/www.rentila.it\/blog\/2026\/04\/27\/punto-attualita-immobiliare-aprile-2026\/#article","isPartOf":{"@id":"https:\/\/www.rentila.it\/blog\/2026\/04\/27\/punto-attualita-immobiliare-aprile-2026\/"},"author":{"name":"Alessandro","@id":"https:\/\/www.rentila.it\/blog\/#\/schema\/person\/5803f2a68411a8aade0894542548c724"},"headline":"Il punto sull\u2019attualit\u00e0 immobiliare: Aprile 2026","datePublished":"2026-04-27T11:12:56+00:00","mainEntityOfPage":{"@id":"https:\/\/www.rentila.it\/blog\/2026\/04\/27\/punto-attualita-immobiliare-aprile-2026\/"},"wordCount":999,"publisher":{"@id":"https:\/\/www.rentila.it\/blog\/#organization"},"image":{"@id":"https:\/\/www.rentila.it\/blog\/2026\/04\/27\/punto-attualita-immobiliare-aprile-2026\/#primaryimage"},"thumbnailUrl":"https:\/\/www.rentila.it\/assets\/img\/blog\/blog_news_3.png","articleSection":["Sito Rentila"],"inLanguage":"it-IT"},{"@type":"WebPage","@id":"https:\/\/www.rentila.it\/blog\/2026\/04\/27\/punto-attualita-immobiliare-aprile-2026\/","url":"https:\/\/www.rentila.it\/blog\/2026\/04\/27\/punto-attualita-immobiliare-aprile-2026\/","name":"Il punto sull\u2019attualit\u00e0 immobiliare: Aprile 2026 &#187; Rentila.it","isPartOf":{"@id":"https:\/\/www.rentila.it\/blog\/#website"},"primaryImageOfPage":{"@id":"https:\/\/www.rentila.it\/blog\/2026\/04\/27\/punto-attualita-immobiliare-aprile-2026\/#primaryimage"},"image":{"@id":"https:\/\/www.rentila.it\/blog\/2026\/04\/27\/punto-attualita-immobiliare-aprile-2026\/#primaryimage"},"thumbnailUrl":"https:\/\/www.rentila.it\/assets\/img\/blog\/blog_news_3.png","datePublished":"2026-04-27T11:12:56+00:00","description":"Come ogni mese Rentila ti offre una panoramica sulle principali notizie immobiliari. Buona lettura e buon affitto!","breadcrumb":{"@id":"https:\/\/www.rentila.it\/blog\/2026\/04\/27\/punto-attualita-immobiliare-aprile-2026\/#breadcrumb"},"inLanguage":"it-IT","potentialAction":[{"@type":"ReadAction","target":["https:\/\/www.rentila.it\/blog\/2026\/04\/27\/punto-attualita-immobiliare-aprile-2026\/"]}]},{"@type":"ImageObject","inLanguage":"it-IT","@id":"https:\/\/www.rentila.it\/blog\/2026\/04\/27\/punto-attualita-immobiliare-aprile-2026\/#primaryimage","url":"https:\/\/www.rentila.it\/assets\/img\/blog\/blog_news_3.png","contentUrl":"https:\/\/www.rentila.it\/assets\/img\/blog\/blog_news_3.png"},{"@type":"BreadcrumbList","@id":"https:\/\/www.rentila.it\/blog\/2026\/04\/27\/punto-attualita-immobiliare-aprile-2026\/#breadcrumb","itemListElement":[{"@type":"ListItem","position":1,"name":"Home","item":"https:\/\/www.rentila.it\/blog\/"},{"@type":"ListItem","position":2,"name":"Il punto sull\u2019attualit\u00e0 immobiliare: Aprile 2026"}]},{"@type":"WebSite","@id":"https:\/\/www.rentila.it\/blog\/#website","url":"https:\/\/www.rentila.it\/blog\/","name":"Rentila Italia - Blog Immobiliare, gestione della propriet\u00e0 immobiliare","description":"","publisher":{"@id":"https:\/\/www.rentila.it\/blog\/#organization"},"potentialAction":[{"@type":"SearchAction","target":{"@type":"EntryPoint","urlTemplate":"https:\/\/www.rentila.it\/blog\/?s={search_term_string}"},"query-input":{"@type":"PropertyValueSpecification","valueRequired":true,"valueName":"search_term_string"}}],"inLanguage":"it-IT"},{"@type":"Organization","@id":"https:\/\/www.rentila.it\/blog\/#organization","name":"Rentila Italia","url":"https:\/\/www.rentila.it\/blog\/","logo":{"@type":"ImageObject","inLanguage":"it-IT","@id":"https:\/\/www.rentila.it\/blog\/#\/schema\/logo\/image\/","url":"https:\/\/www.rentila.it\/blog\/wp-content\/uploads\/2016\/04\/logo_house_256px.jpg","contentUrl":"https:\/\/www.rentila.it\/blog\/wp-content\/uploads\/2016\/04\/logo_house_256px.jpg","width":256,"height":256,"caption":"Rentila Italia"},"image":{"@id":"https:\/\/www.rentila.it\/blog\/#\/schema\/logo\/image\/"},"sameAs":["https:\/\/www.facebook.com\/rentilait\/"]},{"@type":"Person","@id":"https:\/\/www.rentila.it\/blog\/#\/schema\/person\/5803f2a68411a8aade0894542548c724","name":"Alessandro","image":{"@type":"ImageObject","inLanguage":"it-IT","@id":"https:\/\/secure.gravatar.com\/avatar\/74b0f7952beb80b98d01379e7167db26dfa67b38d113f481d62e7a90a9d37406?s=96&d=mm&r=g","url":"https:\/\/secure.gravatar.com\/avatar\/74b0f7952beb80b98d01379e7167db26dfa67b38d113f481d62e7a90a9d37406?s=96&d=mm&r=g","contentUrl":"https:\/\/secure.gravatar.com\/avatar\/74b0f7952beb80b98d01379e7167db26dfa67b38d113f481d62e7a90a9d37406?s=96&d=mm&r=g","caption":"Alessandro"}}]}},"_links":{"self":[{"href":"https:\/\/www.rentila.it\/blog\/wp-json\/wp\/v2\/posts\/7661","targetHints":{"allow":["GET"]}}],"collection":[{"href":"https:\/\/www.rentila.it\/blog\/wp-json\/wp\/v2\/posts"}],"about":[{"href":"https:\/\/www.rentila.it\/blog\/wp-json\/wp\/v2\/types\/post"}],"author":[{"embeddable":true,"href":"https:\/\/www.rentila.it\/blog\/wp-json\/wp\/v2\/users\/7"}],"replies":[{"embeddable":true,"href":"https:\/\/www.rentila.it\/blog\/wp-json\/wp\/v2\/comments?post=7661"}],"version-history":[{"count":4,"href":"https:\/\/www.rentila.it\/blog\/wp-json\/wp\/v2\/posts\/7661\/revisions"}],"predecessor-version":[{"id":7669,"href":"https:\/\/www.rentila.it\/blog\/wp-json\/wp\/v2\/posts\/7661\/revisions\/7669"}],"wp:attachment":[{"href":"https:\/\/www.rentila.it\/blog\/wp-json\/wp\/v2\/media?parent=7661"}],"wp:term":[{"taxonomy":"category","embeddable":true,"href":"https:\/\/www.rentila.it\/blog\/wp-json\/wp\/v2\/categories?post=7661"},{"taxonomy":"post_tag","embeddable":true,"href":"https:\/\/www.rentila.it\/blog\/wp-json\/wp\/v2\/tags?post=7661"}],"curies":[{"name":"wp","href":"https:\/\/api.w.org\/{rel}","templated":true}]}}