{"id":7247,"date":"2025-11-28T19:25:11","date_gmt":"2025-11-28T19:25:11","guid":{"rendered":"https:\/\/www.rentila.it\/blog\/?p=7247"},"modified":"2025-11-28T20:19:21","modified_gmt":"2025-11-28T20:19:21","slug":"il-punto-sullattualita-immobiliare-novembre-2025","status":"publish","type":"post","link":"https:\/\/www.rentila.it\/blog\/2025\/11\/28\/il-punto-sullattualita-immobiliare-novembre-2025\/","title":{"rendered":"Il punto sull\u2019attualit\u00e0 immobiliare: Novembre 2025"},"content":{"rendered":"<div><img decoding=\"async\" class=\"alignleft size-full wp-image-516\" title=\"newspaper\" src=\"https:\/\/www.rentila.it\/assets\/img\/blog\/blog_news_4.png\" alt=\"Il punto sull\u2019attualit\u00e0 immobiliare\" width=\"100%\" height=\"\" \/><\/div>\n<p class=\"lead\">Come ogni mese Rentila ti offre una panoramica sulle principali notizie immobiliari. Questo mese parleremo di: trend del mercato immobiliare, mutui, costo degli affitti, consigli e molto altro. Buona lettura e buon affitto!<\/p>\n<p><!--more--><\/p>\n<div class=\"phase-content__flag phase-1\">Trend Mercato<\/div>\n<p><!--section--><\/p>\n<h5>Prezzi alti, periferie insicure: esplode l\u2019emergenza casa<\/h5>\n<p>Da qualche tempo, a destra come a sinistra, tutti parlano di \u00abemergenza abitativa\u00bb. I sindaci, proprio ieri riuniti a Bologna per l\u2019assemblea annuale dell&#8217;Anci, lanciano l&#8217;ultimo di numerosi appelli: \u00abLa casa \u00e8 una priorit\u00e0 nazionale\u00bb&#8230;<br \/>\n<a href=\"https:\/\/www.lastampa.it\/cronaca\/2025\/11\/15\/news\/prezzi_alti_periferie_insicure_esplode_l_emergenza_casa-15396979\/?fbclid=IwY2xjawOWyqJleHRuA2FlbQIxMQBzcnRjBmFwcF9pZBAyMjIwMzkxNzg4MjAwODkyAAEey6Av_axA3Ouwh9YWtzO5aY4H8xIoE1TpzluxTDvVaGeqAAGl3yQtwycWYjE_aem_zEKd8-lreT9dmB9lFN8HcA\" target=\"_blank\" rel=\"noreferrer noopener\">Leggi l&#8217;articolo \u2192<\/a><br \/><!--article--><\/p>\n<hr>\n<h5>Locazioni residenziali, canoni in raffreddamento nel terzo trimestre 2025<\/h5>\n<p>Secondo l\u2019indagine, nel terzo trimestre dell\u2019anno i canoni hanno registrato una variazione media pari a +0,59%, stabilizzandosi attorno ai 170 euro\/m\u00b2 annui. Su base tendenziale il dato rimane positivo, segnando un +3,03% rispetto a settembre 2024, ma si colloca nettamente al di sotto dei picchi raggiunti nel biennio precedente&#8230;<br \/>\n<a href=\"https:\/\/www.idealista.it\/news\/immobiliare\/residenziale\/2025\/11\/15\/289332-locazioni-residenziali-canoni-in-raffreddamento-nel-terzo-trimestre-2025?amp&#038;fbclid=IwY2xjawOWyqRleHRuA2FlbQIxMQBzcnRjBmFwcF9pZBAyMjIwMzkxNzg4MjAwODkyAAEeo6bahh6c7sRcqosWUgpHGkrbfX8TXx7h2jvjpP9z48ur0b08YHfyJf8AVEs_aem_5Z6a572r1KHzVd1WAlAwkg\" target=\"_blank\" rel=\"noreferrer noopener\">Leggi l&#8217;articolo \u2192<\/a><br \/><!--article--><\/p>\n<hr>\n<h5>Mercato degli affitti: sfratti pi\u00f9 veloci e imposte pi\u00f9 alte. Cosa succede ai morosi in ritardo di due mensilit\u00e0<\/h5>\n<p>Riuscire a rendere pi\u00f9 \u201cfluido\u201d il mercato degli affitti favorendo una maggiore velocit\u00e0 degli sfratti. \u00c8 a quanto punta la maggioranza di Governo con la presentazione di due disegni di legge, uno alla Camera e uno al Senato, firmati da due parlamentari di Fratelli d\u2019Italia: Alice Buonguerrieri e Paolo Marcheschi&#8230;<br \/>\n<a href=\"https:\/\/www.ilriformista.it\/mercato-degli-affitti-sfratti-piu-veloci-e-imposte-piu-alte-cosa-succede-ai-morosi-in-ritardo-di-due-mensilita-488900\/?fbclid=IwY2xjawOWyqdleHRuA2FlbQIxMQBzcnRjBmFwcF9pZBAyMjIwMzkxNzg4MjAwODkyAAEeL1x9CfuT8GxzBPzUB3gH0kggbQHdINA0XcUGvigHdC_6rIlPydaDALRSWYU_aem_zIMbuVqEeiWu7D5tTBxpyg\" target=\"_blank\" rel=\"noreferrer noopener\">Leggi l&#8217;articolo \u2192<\/a><br \/><!--article--><\/p>\n<hr>\n<h5>Case, Italia maglia nera d\u2019Europa: un\u2019abitazione su quattro \u00e8 vuota<\/h5>\n<p>L&#8217;Italia resta il Paese dei proprietari di casa, ma anche quello con il pi\u00f9 alto numero di abitazioni vuote d&#8217;Europa. \u00c8 quanto emerge dal nuovo studio della Fondazione Ifel &#8211; l&#8217;Istituto per la Finanza e l&#8217;Economia Locale dell&#8217;Anci &#8211; presentato alla conferenza \u201cCitt\u00e0 in scena\u201d, organizzata dall&#8217;Ance e in questi giorni in programma&#8230;<br \/>\n<a href=\"https:\/\/www.ilsole24ore.com\/art\/case-vuote-italia-maglia-nera-d-europa-un-abitazione-quattro-non-abitata-AHKBs02C?fbclid=IwY2xjawOWyw5leHRuA2FlbQIxMQBzcnRjBmFwcF9pZBAyMjIwMzkxNzg4MjAwODkyAAEezpJz-00ufHOYsT0sKnKirGGT7B8l_AnNCKMxRucWtnG-LrFoJxUFrSHEtSw_aem_QjAPQmhaMGP0HkWxyXSnnA\" target=\"_blank\" rel=\"noreferrer noopener\">Leggi l&#8217;articolo \u2192<\/a><br \/><!--article--><\/p>\n<hr>\n<div class=\"phase-content__flag phase-1\">Mutuo<\/div>\n<p><!--section--><\/p>\n<h5>Mercato immobiliare, pi\u00f9 acquisti con mutuo. Prezzi in leggera crescita<\/h5>\n<p>I prezzi delle case, in Italia, continuano a crescere, ma in maniera pi\u00f9 contenuta. Aumentano ancora le compravendite. E si alzano gli affitti: +3,5% la crescita dei canoni su base tendenziale.<br \/>\n<a href=\"https:\/\/tg24.sky.it\/economia\/2025\/11\/27\/mercato-immobiliare-aumento-compravendite-prezzi-dati?fbclid=IwY2xjawOWyptleHRuA2FlbQIxMQBzcnRjBmFwcF9pZBAyMjIwMzkxNzg4MjAwODkyAAEetrA7fxPHm501fta9ib_bpS6_PUnqdmzoTgZepxlGrqC8V1ZslYt8B1VMjrg_aem_7smi4ftCxNXuC3r10Ai9wQ\" target=\"_blank\" rel=\"noreferrer noopener\">Leggi l&#8217;articolo \u2192<\/a><br \/><!--article--><\/p>\n<hr>\n<h5>Mutui sempre pi\u00f9 cari, rata a +216 euro l\u2019anno su un prestito da 150mila euro<\/h5>\n<p>Il mercato immobiliare italiano si prepara ad affrontare un autunno all\u2019insegna del caro-mutuo. Secondo i dati pubblicati da Bankitalia per il mese di settembre, il Tasso Annuo Effettivo Globale (Taeg) sui nuovi prestiti per l\u2019acquisto della casa ha toccato il 3,71%, registrando un ulteriore incremento&#8230;<br \/>\n<a href=\"https:\/\/quifinanza.it\/mercato-immobiliare\/mutui-e-prestiti\/mutui-tassi-settembre-2025\/937339\/?fbclid=IwY2xjawOWyrVleHRuA2FlbQIxMQBzcnRjBmFwcF9pZBAyMjIwMzkxNzg4MjAwODkyAAEefjnjLhFihNT3hABs67mtZycCm5B0lr7qR9r_caDGKdJIK0Q6e4G00ZHOFwA_aem_v3Btgwmlx72I-GHVGqG31g\" target=\"_blank\" rel=\"noreferrer noopener\">Leggi l&#8217;articolo \u2192<\/a><br \/><!--article--><\/p>\n<hr>\n<h5>Bussola Mutui &#8211; III Trimestre 2025<\/h5>\n<p>Milano, 27 ottobre 2025 \u2013 Secondo l\u2019ultima rilevazione Banca d\u2019Italia, nella prima met\u00e0 dell\u2019anno il dato relativo ai nuovi mutui erogati risulta positivo, con una crescita del +40,5% rispetto al corrispondente periodo del 2024. La crescita della domanda di nuovi mutui e surroghe si attesta invece al +16,4%&#8230;<br \/>\n<a href=\"https:\/\/www.mutuisupermarket.it\/news-mutui\/bussola-andamento-mutui\/bussola-mutui-terzo-trimestre-2025\/?fbclid=IwY2xjawOWyrxleHRuA2FlbQIxMQBzcnRjBmFwcF9pZBAyMjIwMzkxNzg4MjAwODkyAAEeuRZbYJ9MEiGYCN1xN7utmzrChyG6x8Nld0tXVPYO607PSG26zG65olwa4C0_aem_tCndSUPzBxbbBx-GRXVZ1w\" target=\"_blank\" rel=\"noreferrer noopener\">Leggi l&#8217;articolo \u2192<\/a><br \/><!--article--><\/p>\n<hr>\n<h5>Fondo di Garanzia Mutui Prima Casa: nuovo stanziamento da 75,6 milioni<\/h5>\n<p>Il Fondo di Garanzia Consap per l&#8217;acquisto della prima casa riceve un nuovo e importante stanziamento. La dotazione per il 2025 sale a 440,6 milioni, assicurando la piena operativit\u00e0 di uno strumento fondamentale per l\u2019accesso al credito da parte di giovani e famiglie.<br \/>\n<a href=\"https:\/\/www.mutuionline.it\/news\/fondo-di-garanzia-mutui-prima-casa-nuovo-stanziamento-da-75-6-milioni.asp?fbclid=IwY2xjawOWysNleHRuA2FlbQIxMQBzcnRjBmFwcF9pZBAyMjIwMzkxNzg4MjAwODkyAAEeJmB-F27Ide0sX7ygly6raT80Gnr3R3UjmuhgMZmyDZVntxkw_GAeQqWNNH8_aem_Ou5_nPTvAz8qIMVkygg5rw\" target=\"_blank\" rel=\"noreferrer noopener\">Leggi l&#8217;articolo \u2192<\/a><br \/><!--article--><\/p>\n<hr>\n<div class=\"phase-content__flag phase-1\">Affitto<\/div>\n<p><!--section--><\/p>\n<h5>Affitti brevi: prezzi triplicati a Milano<\/h5>\n<p>Il mercato immobiliare sta gi\u00e0 mostrando sensibili aumenti per quanto riguarda i prezzi degli affitti brevi in vista delle Olimpiadi invernali, con incrementi medi del 102% rispetto ai periodi privi di eventi per un appartamento per un massimo di 4 persone.<br \/>\n<a href=\"https:\/\/it.finance.yahoo.com\/notizie\/affitti-brevi-prezzi-triplicati-milano-084219903.html\" target=\"_blank\" rel=\"noreferrer noopener\">Leggi l&#8217;articolo \u2192<\/a><br \/><!--article--><\/p>\n<hr>\n<h5>Affitti brevi con tasse pi\u00f9 alte e sfratti \u00abveloci\u00bb, le nuove regole che potrebbero cambiare le locazioni in Italia (ma i prezzi?)<\/h5>\n<p>Cedolare secca al 26% per gli affitti brevi e tempi pi\u00f9 rapidi per gli sfratti: il Governo punta a rilanciare il mercato delle locazioni, ma cresce il timore di nuove tensioni sociali<br \/>\n<a href=\"https:\/\/www.corriere.it\/economia\/affitti\/25_novembre_12\/affitti-brevi-con-tasse-piu-alte-e-sfratti-veloci-le-nuove-regole-che-potrebbero-cambiare-le-locazioni-in-italia-ma-i-prezzi-a3277730-1db3-40c5-befb-d96e94a47xlk.shtml?refresh_ce\" target=\"_blank\" rel=\"noreferrer noopener\">Leggi l&#8217;articolo \u2192<\/a><br \/><!--article--><\/p>\n<hr>\n<h5>Affitto o acquisto: qual \u00e8 la scelta pi\u00f9 conveniente<\/h5>\n<p>Con i tassi di interesse e le condizioni attuali, acquistare casa appare in molti casi pi\u00f9 conveniente rispetto all\u2019affitto, grazie anche alla crescita dei canoni e al contesto dei costi del mutuo. Tuttavia non si tratta di una regola universale: citt\u00e0, tipologia immobiliare, capacit\u00e0 finanziaria&#8230;<br \/>\n<a href=\"https:\/\/www.idealista.it\/news\/immobiliare\/residenziale\/2025\/11\/03\/285336-affitto-o-acquisto-qual-e-la-scelta-piu-conveniente?fbclid=IwY2xjawOWys1leHRuA2FlbQIxMQBzcnRjBmFwcF9pZBAyMjIwMzkxNzg4MjAwODkyAAEezFSPXInbC9VEflKPO0YUn8F4IwZhh3vTpWX_CckDV8zvuI7WVldycovMA7Q_aem_TagOBcs6YHfvkByNNMYlqg\" target=\"_blank\" rel=\"noreferrer noopener\">Leggi l&#8217;articolo \u2192<\/a><br \/><!--article--><\/p>\n<hr>\n<h5>Affitti brevi, 4+4, locazione transitoria: le regole e quale formula rende di pi\u00f9 citt\u00e0 per citt\u00e0<\/h5>\n<p>Fatto il calcolo delle spese e dei costi di gestione e sommate le imposte, ecco il confronto su qual \u00e8 la scelta migliore per i rendimenti di una seconda casa. Come calcolare il ricavo e la differenza tra la cedolare secca al 21 o al 26%. Quanto costa lasciare un immobile sfitto&#8230;<br \/>\n<a href=\"https:\/\/www.lastampa.it\/tuttosoldi\/2025\/11\/03\/news\/affitti_brevi_2026_manovra_cosa_sapere-15374079\/?fbclid=IwY2xjawOWytVleHRuA2FlbQIxMQBzcnRjBmFwcF9pZBAyMjIwMzkxNzg4MjAwODkyAAEevF0kSSrya6kzg945dTe3V8RVAlT9cizqqwk8-ib0EQDnX9H0g75pzg_585k_aem_p4JsVaBEP3C2tymhoGl9Pw\" target=\"_blank\" rel=\"noreferrer noopener\">Leggi l&#8217;articolo \u2192<\/a><br \/><!--article--><\/p>\n<hr>\n<div class=\"phase-content__flag phase-1\">Consigli<\/div>\n<p><!--section--><\/p>\n<h5>Milano-Cortina fa alzare gli affitti, canoni in aumento del 102% per le Olimpiadi<\/h5>\n<p>Mancano pochi mesi all\u2019inizio delle Olimpiadi Invernali di Milano-Cortina 2026 e il mercato immobiliare di Milano registra un\u2019impennata significativa dei canoni di affitto breve. Secondo un\u2019analisi condotta da Abitare Co., societ\u00e0 specializzata nell\u2019intermediazione immobiliare&#8230;<br \/>\n<a href=\"https:\/\/quifinanza.it\/mercato-immobiliare\/milano-cortina-affitti-brevi-aumento\/937206\/?fbclid=IwY2xjawOWyrhleHRuA2FlbQIxMQBzcnRjBmFwcF9pZBAyMjIwMzkxNzg4MjAwODkyAAEeQ2kUIk1RHQnUhc57Xeqcv6ZhU49WcYANZNDk35Sx5G5HVVQqXq4OlRsgSyg_aem_Rns7V-LJwVeoL7zMKMIyFA\" target=\"_blank\" rel=\"noreferrer noopener\">Leggi l&#8217;articolo \u2192<\/a><br \/><!--article--><\/p>\n<hr>\n<h5>Italia \u201cisola felice\u201d del real estate: crescono gli investimenti sul mattone<\/h5>\n<p>I dati elaborati da Savills certificano che gli investitori hanno puntato oltre 5 miliardi sul mattone tricolore, nel primo semestre, con una crescita sproporzionata rispetto alla media del Vecchio continente, spinta soprattutto da segmenti quali retail e living ma con un segno \u201cpi\u00f9\u201d diffuso tra le asset class.<br \/>\n<a href=\"https:\/\/www.repubblica.it\/economia\/2025\/11\/03\/news\/italia_isola_felice_del_real_estate_crescono_gli_investimenti_sul_mattone-424950648\/amp\/?fbclid=IwY2xjawOWyspleHRuA2FlbQIxMQBzcnRjBmFwcF9pZBAyMjIwMzkxNzg4MjAwODkyAAEeRjr7BjKvZcTZ-UEjHVZjtSvfrDHrpFODXLBpUZothjpT93iON5jIUU5mxEQ_aem_3PxGgzwXN_ipM0hz58lFAw\" target=\"_blank\" rel=\"noreferrer noopener\">Leggi l&#8217;articolo \u2192<\/a><br \/><!--article--><\/p>\n<hr>\n<h5>Affitti brevi e comproprietari: chi deve fare la dichiarazione<\/h5>\n<p>Le locazioni brevi sono una soluzione flessibile, ma possono diventare fiscalmente complesse, specialmente quando l\u2019immobile non appartiene a una sola persona. Avere una propriet\u00e0 in comune (compropriet\u00e0) e affittarla tramite le piattaforme digitali solleva inevitabilmente una serie di domande pratiche.<br \/>\n<a href=\"https:\/\/www.laleggepertutti.it\/754214_affitti-brevi-e-comproprietari-chi-deve-fare-la-dichiarazione?fbclid=IwY2xjawOWyvFleHRuA2FlbQIxMQBzcnRjBmFwcF9pZBAyMjIwMzkxNzg4MjAwODkyAAEeHdMYK8GVHD3SZSuPi7gHVkPvnK5qJhSF-FV2qp1O85BUMJUGDePMgs7exDA_aem_9CX1iyvmNNPI4n_ooZxVmw\" target=\"_blank\" rel=\"noreferrer noopener\">Leggi l&#8217;articolo \u2192<\/a><br \/><!--article--><\/p>\n<hr>\n<div class=\"phase-content__flag phase-1\">Altro<\/div>\n<p><!--section--><\/p>\n<h5>Milano, le Olimpiadi fanno impennare i canoni per gli affitti brevi<\/h5>\n<p>A circa tre mesi dalle Olimpiadi invernali, il mercato immobiliare milanese mostra gi\u00e0 segnali di forte fermento: secondo l\u2019analisi di Abitare Co. &#8211; societ\u00e0 specializzata nell\u2019intermediazione immobiliare &#8211; il costo medio degli affitti brevi nelle zone centrali e&#8230;<br \/>\n<a href=\"https:\/\/www.mutui.it\/news\/milano-le-olimpiadi-fanno-impennare-i-canoni-per-gli-affitti-brevi.html?fbclid=IwY2xjawOWyq5leHRuA2FlbQIxMQBzcnRjBmFwcF9pZBAyMjIwMzkxNzg4MjAwODkyAAEe710RnXI7oHTxGTmKIvNLZks9y5RA1ucwkMfVUjbcpZBk0qzxCo5bpXqiFH0_aem_oXvo2R1wxwyYa6peMsg0NA\" target=\"_blank\" rel=\"noreferrer noopener\">Leggi l&#8217;articolo \u2192<\/a><br \/><!--article--><\/p>\n<hr>\n<h5>Case green: schizzano i prezzi ma con mutui pi\u00f9 vantaggiosi<\/h5>\n<p>Prima ancora dell\u2019entrata in vigore della direttiva europea sulle case green, il mercato immobiliare italiano si sta muovendo in direzione di una crescente attenzione all\u2019efficienza energetica. I dati del nuovo&#8230;<br \/>\n<a href=\"https:\/\/www.pmi.it\/economia\/mercati\/481411\/case-green-schizzano-i-prezzi-ma-con-mutui-piu-vantaggiosi.html?fbclid=IwY2xjawOWyr9leHRuA2FlbQIxMQBzcnRjBmFwcF9pZBAyMjIwMzkxNzg4MjAwODkyAAEehw6ImxpA0a11uW4Wxa28x26X629YdZixQVnufwZgpeGTNYgwjpbpKy6NcrA_aem_QSPy7kwm33PaFADYDWzdSw\" target=\"_blank\" rel=\"noreferrer noopener\">Leggi l&#8217;articolo \u2192<\/a><br \/><!--article--><\/p>\n<hr>\n<h5>Case di lusso in montagna: Cortina sfiora i 21 mila euro al metro quadro<\/h5>\n<p>I prezzi degli immobili nelle localit\u00e0 montane continuano a salire, spinti anche dal grande evento sportivo del 2026: le Olimpiadi invernali di Milano-Cortina. Secondo l\u2019Alpine Property Report di Knight Frank, Cortina d\u2019Ampezzo ha registrato un incremento del 10%&#8230;<br \/>\n<a href=\"https:\/\/torinocronaca.it\/news\/cronaca\/574144\/case-di-lusso-in-montagna-cortina-sfiora-i-21-mila-euro-al-metro-quadro.html?fbclid=IwY2xjawOWysZleHRuA2FlbQIxMQBzcnRjBmFwcF9pZBAyMjIwMzkxNzg4MjAwODkyAAEexyHhIvKcsswZDW3Lb_bPLIpTAJvpeOnMa2zQiUklZ3mEN42C6SBd8CwikHs_aem_WMH862TJobTOnuEg_O0XUA\" target=\"_blank\" rel=\"noreferrer noopener\">Leggi l&#8217;articolo \u2192<\/a><br \/><!--article--><\/p>\n<hr>\n<h5>Case, la folle ascesa dei prezzi: in 5 anni quotazioni salite del 30% a Milano, Madrid, Lisbona e Parigi (e per gli affitti \u00e8 anche peggio)<\/h5>\n<p>Case sempre pi\u00f9 costose, che sia in affitto o in vendita. Gli immobili sono diventati un affare per pochi, in tutte le grandi citt\u00e0 europee, non solo a Milano e Roma, dove il mercato immobiliare non \u00e8 cosa da ceto medio, sempre pi\u00f9 travolto dai rincari&#8230;<br \/>\n<a href=\"https:\/\/www.corriere.it\/economia\/casa\/25_novembre_02\/case-la-folle-ascesa-dei-prezzi-in-5-anni-quotazioni-salite-del-30-a-milano-madrid-lisbona-e-parigi-e-per-gli-affitti-e-anche-a3ef564d-6153-43ba-ab4a-9d3aeb1aaxlk.shtml?refresh_ce\" target=\"_blank\" rel=\"noreferrer noopener\">Leggi l&#8217;articolo \u2192<\/a><br \/><!--article--><\/p>\n","protected":false},"excerpt":{"rendered":"<p>Come ogni mese Rentila ti offre una panoramica sulle principali notizie immobiliari. Questo mese parleremo di: trend del mercato immobiliare, mutui, costo degli affitti, consigli e molto altro. Buona lettura e buon affitto!<\/p>\n","protected":false},"author":7,"featured_media":0,"comment_status":"closed","ping_status":"closed","sticky":false,"template":"","format":"standard","meta":{"footnotes":""},"categories":[1],"tags":[],"class_list":["post-7247","post","type-post","status-publish","format-standard","hentry","category-sviluppo-del-sito"],"yoast_head":"<!-- This site is optimized with the Yoast SEO plugin v27.5 - https:\/\/yoast.com\/product\/yoast-seo-wordpress\/ -->\n<title>Il punto sull\u2019attualit\u00e0 immobiliare: Novembre 2025 &#187; Rentila.it<\/title>\n<meta name=\"description\" content=\"Come ogni mese Rentila ti offre una panoramica sulle principali notizie immobiliari. Buona lettura e buon affitto!\" \/>\n<meta name=\"robots\" content=\"index, follow, max-snippet:-1, max-image-preview:large, max-video-preview:-1\" \/>\n<link rel=\"canonical\" href=\"https:\/\/www.rentila.it\/blog\/2025\/11\/28\/il-punto-sullattualita-immobiliare-novembre-2025\/\" \/>\n<meta property=\"og:locale\" content=\"it_IT\" \/>\n<meta property=\"og:type\" content=\"article\" \/>\n<meta property=\"og:title\" content=\"Il punto sull\u2019attualit\u00e0 immobiliare: Novembre 2025 &#187; Rentila.it\" \/>\n<meta property=\"og:description\" content=\"Come ogni mese Rentila ti offre una panoramica sulle principali notizie immobiliari. Buona lettura e buon affitto!\" \/>\n<meta property=\"og:url\" content=\"https:\/\/www.rentila.it\/blog\/2025\/11\/28\/il-punto-sullattualita-immobiliare-novembre-2025\/\" \/>\n<meta property=\"og:site_name\" content=\"Rentila Italia - Blog Immobiliare, gestione della propriet\u00e0 immobiliare\" \/>\n<meta property=\"article:publisher\" content=\"https:\/\/www.facebook.com\/rentilait\/\" \/>\n<meta property=\"article:published_time\" content=\"2025-11-28T19:25:11+00:00\" \/>\n<meta property=\"article:modified_time\" content=\"2025-11-28T20:19:21+00:00\" \/>\n<meta name=\"author\" content=\"Alessandro\" \/>\n<meta name=\"twitter:card\" content=\"summary_large_image\" \/>\n<meta name=\"twitter:label1\" content=\"Scritto da\" \/>\n\t<meta name=\"twitter:data1\" content=\"Alessandro\" \/>\n\t<meta name=\"twitter:label2\" content=\"Tempo di lettura stimato\" \/>\n\t<meta name=\"twitter:data2\" content=\"7 minuti\" \/>\n<script type=\"application\/ld+json\" class=\"yoast-schema-graph\">{\"@context\":\"https:\\\/\\\/schema.org\",\"@graph\":[{\"@type\":\"Article\",\"@id\":\"https:\\\/\\\/www.rentila.it\\\/blog\\\/2025\\\/11\\\/28\\\/il-punto-sullattualita-immobiliare-novembre-2025\\\/#article\",\"isPartOf\":{\"@id\":\"https:\\\/\\\/www.rentila.it\\\/blog\\\/2025\\\/11\\\/28\\\/il-punto-sullattualita-immobiliare-novembre-2025\\\/\"},\"author\":{\"name\":\"Alessandro\",\"@id\":\"https:\\\/\\\/www.rentila.it\\\/blog\\\/#\\\/schema\\\/person\\\/5803f2a68411a8aade0894542548c724\"},\"headline\":\"Il punto sull\u2019attualit\u00e0 immobiliare: Novembre 2025\",\"datePublished\":\"2025-11-28T19:25:11+00:00\",\"dateModified\":\"2025-11-28T20:19:21+00:00\",\"mainEntityOfPage\":{\"@id\":\"https:\\\/\\\/www.rentila.it\\\/blog\\\/2025\\\/11\\\/28\\\/il-punto-sullattualita-immobiliare-novembre-2025\\\/\"},\"wordCount\":1102,\"publisher\":{\"@id\":\"https:\\\/\\\/www.rentila.it\\\/blog\\\/#organization\"},\"image\":{\"@id\":\"https:\\\/\\\/www.rentila.it\\\/blog\\\/2025\\\/11\\\/28\\\/il-punto-sullattualita-immobiliare-novembre-2025\\\/#primaryimage\"},\"thumbnailUrl\":\"https:\\\/\\\/www.rentila.it\\\/assets\\\/img\\\/blog\\\/blog_news_4.png\",\"articleSection\":[\"Sito Rentila\"],\"inLanguage\":\"it-IT\"},{\"@type\":\"WebPage\",\"@id\":\"https:\\\/\\\/www.rentila.it\\\/blog\\\/2025\\\/11\\\/28\\\/il-punto-sullattualita-immobiliare-novembre-2025\\\/\",\"url\":\"https:\\\/\\\/www.rentila.it\\\/blog\\\/2025\\\/11\\\/28\\\/il-punto-sullattualita-immobiliare-novembre-2025\\\/\",\"name\":\"Il punto sull\u2019attualit\u00e0 immobiliare: Novembre 2025 &#187; Rentila.it\",\"isPartOf\":{\"@id\":\"https:\\\/\\\/www.rentila.it\\\/blog\\\/#website\"},\"primaryImageOfPage\":{\"@id\":\"https:\\\/\\\/www.rentila.it\\\/blog\\\/2025\\\/11\\\/28\\\/il-punto-sullattualita-immobiliare-novembre-2025\\\/#primaryimage\"},\"image\":{\"@id\":\"https:\\\/\\\/www.rentila.it\\\/blog\\\/2025\\\/11\\\/28\\\/il-punto-sullattualita-immobiliare-novembre-2025\\\/#primaryimage\"},\"thumbnailUrl\":\"https:\\\/\\\/www.rentila.it\\\/assets\\\/img\\\/blog\\\/blog_news_4.png\",\"datePublished\":\"2025-11-28T19:25:11+00:00\",\"dateModified\":\"2025-11-28T20:19:21+00:00\",\"description\":\"Come ogni mese Rentila ti offre una panoramica sulle principali notizie immobiliari. Buona lettura e buon affitto!\",\"breadcrumb\":{\"@id\":\"https:\\\/\\\/www.rentila.it\\\/blog\\\/2025\\\/11\\\/28\\\/il-punto-sullattualita-immobiliare-novembre-2025\\\/#breadcrumb\"},\"inLanguage\":\"it-IT\",\"potentialAction\":[{\"@type\":\"ReadAction\",\"target\":[\"https:\\\/\\\/www.rentila.it\\\/blog\\\/2025\\\/11\\\/28\\\/il-punto-sullattualita-immobiliare-novembre-2025\\\/\"]}]},{\"@type\":\"ImageObject\",\"inLanguage\":\"it-IT\",\"@id\":\"https:\\\/\\\/www.rentila.it\\\/blog\\\/2025\\\/11\\\/28\\\/il-punto-sullattualita-immobiliare-novembre-2025\\\/#primaryimage\",\"url\":\"https:\\\/\\\/www.rentila.it\\\/assets\\\/img\\\/blog\\\/blog_news_4.png\",\"contentUrl\":\"https:\\\/\\\/www.rentila.it\\\/assets\\\/img\\\/blog\\\/blog_news_4.png\"},{\"@type\":\"BreadcrumbList\",\"@id\":\"https:\\\/\\\/www.rentila.it\\\/blog\\\/2025\\\/11\\\/28\\\/il-punto-sullattualita-immobiliare-novembre-2025\\\/#breadcrumb\",\"itemListElement\":[{\"@type\":\"ListItem\",\"position\":1,\"name\":\"Home\",\"item\":\"https:\\\/\\\/www.rentila.it\\\/blog\\\/\"},{\"@type\":\"ListItem\",\"position\":2,\"name\":\"Il punto sull\u2019attualit\u00e0 immobiliare: Novembre 2025\"}]},{\"@type\":\"WebSite\",\"@id\":\"https:\\\/\\\/www.rentila.it\\\/blog\\\/#website\",\"url\":\"https:\\\/\\\/www.rentila.it\\\/blog\\\/\",\"name\":\"Rentila Italia - Blog Immobiliare, gestione della propriet\u00e0 immobiliare\",\"description\":\"\",\"publisher\":{\"@id\":\"https:\\\/\\\/www.rentila.it\\\/blog\\\/#organization\"},\"potentialAction\":[{\"@type\":\"SearchAction\",\"target\":{\"@type\":\"EntryPoint\",\"urlTemplate\":\"https:\\\/\\\/www.rentila.it\\\/blog\\\/?s={search_term_string}\"},\"query-input\":{\"@type\":\"PropertyValueSpecification\",\"valueRequired\":true,\"valueName\":\"search_term_string\"}}],\"inLanguage\":\"it-IT\"},{\"@type\":\"Organization\",\"@id\":\"https:\\\/\\\/www.rentila.it\\\/blog\\\/#organization\",\"name\":\"Rentila Italia\",\"url\":\"https:\\\/\\\/www.rentila.it\\\/blog\\\/\",\"logo\":{\"@type\":\"ImageObject\",\"inLanguage\":\"it-IT\",\"@id\":\"https:\\\/\\\/www.rentila.it\\\/blog\\\/#\\\/schema\\\/logo\\\/image\\\/\",\"url\":\"https:\\\/\\\/www.rentila.it\\\/blog\\\/wp-content\\\/uploads\\\/2016\\\/04\\\/logo_house_256px.jpg\",\"contentUrl\":\"https:\\\/\\\/www.rentila.it\\\/blog\\\/wp-content\\\/uploads\\\/2016\\\/04\\\/logo_house_256px.jpg\",\"width\":256,\"height\":256,\"caption\":\"Rentila Italia\"},\"image\":{\"@id\":\"https:\\\/\\\/www.rentila.it\\\/blog\\\/#\\\/schema\\\/logo\\\/image\\\/\"},\"sameAs\":[\"https:\\\/\\\/www.facebook.com\\\/rentilait\\\/\"]},{\"@type\":\"Person\",\"@id\":\"https:\\\/\\\/www.rentila.it\\\/blog\\\/#\\\/schema\\\/person\\\/5803f2a68411a8aade0894542548c724\",\"name\":\"Alessandro\",\"image\":{\"@type\":\"ImageObject\",\"inLanguage\":\"it-IT\",\"@id\":\"https:\\\/\\\/secure.gravatar.com\\\/avatar\\\/74b0f7952beb80b98d01379e7167db26dfa67b38d113f481d62e7a90a9d37406?s=96&d=mm&r=g\",\"url\":\"https:\\\/\\\/secure.gravatar.com\\\/avatar\\\/74b0f7952beb80b98d01379e7167db26dfa67b38d113f481d62e7a90a9d37406?s=96&d=mm&r=g\",\"contentUrl\":\"https:\\\/\\\/secure.gravatar.com\\\/avatar\\\/74b0f7952beb80b98d01379e7167db26dfa67b38d113f481d62e7a90a9d37406?s=96&d=mm&r=g\",\"caption\":\"Alessandro\"}}]}<\/script>\n<!-- \/ Yoast SEO plugin. -->","yoast_head_json":{"title":"Il punto sull\u2019attualit\u00e0 immobiliare: Novembre 2025 &#187; Rentila.it","description":"Come ogni mese Rentila ti offre una panoramica sulle principali notizie immobiliari. Buona lettura e buon affitto!","robots":{"index":"index","follow":"follow","max-snippet":"max-snippet:-1","max-image-preview":"max-image-preview:large","max-video-preview":"max-video-preview:-1"},"canonical":"https:\/\/www.rentila.it\/blog\/2025\/11\/28\/il-punto-sullattualita-immobiliare-novembre-2025\/","og_locale":"it_IT","og_type":"article","og_title":"Il punto sull\u2019attualit\u00e0 immobiliare: Novembre 2025 &#187; Rentila.it","og_description":"Come ogni mese Rentila ti offre una panoramica sulle principali notizie immobiliari. Buona lettura e buon affitto!","og_url":"https:\/\/www.rentila.it\/blog\/2025\/11\/28\/il-punto-sullattualita-immobiliare-novembre-2025\/","og_site_name":"Rentila Italia - Blog Immobiliare, gestione della propriet\u00e0 immobiliare","article_publisher":"https:\/\/www.facebook.com\/rentilait\/","article_published_time":"2025-11-28T19:25:11+00:00","article_modified_time":"2025-11-28T20:19:21+00:00","author":"Alessandro","twitter_card":"summary_large_image","twitter_misc":{"Scritto da":"Alessandro","Tempo di lettura stimato":"7 minuti"},"schema":{"@context":"https:\/\/schema.org","@graph":[{"@type":"Article","@id":"https:\/\/www.rentila.it\/blog\/2025\/11\/28\/il-punto-sullattualita-immobiliare-novembre-2025\/#article","isPartOf":{"@id":"https:\/\/www.rentila.it\/blog\/2025\/11\/28\/il-punto-sullattualita-immobiliare-novembre-2025\/"},"author":{"name":"Alessandro","@id":"https:\/\/www.rentila.it\/blog\/#\/schema\/person\/5803f2a68411a8aade0894542548c724"},"headline":"Il punto sull\u2019attualit\u00e0 immobiliare: Novembre 2025","datePublished":"2025-11-28T19:25:11+00:00","dateModified":"2025-11-28T20:19:21+00:00","mainEntityOfPage":{"@id":"https:\/\/www.rentila.it\/blog\/2025\/11\/28\/il-punto-sullattualita-immobiliare-novembre-2025\/"},"wordCount":1102,"publisher":{"@id":"https:\/\/www.rentila.it\/blog\/#organization"},"image":{"@id":"https:\/\/www.rentila.it\/blog\/2025\/11\/28\/il-punto-sullattualita-immobiliare-novembre-2025\/#primaryimage"},"thumbnailUrl":"https:\/\/www.rentila.it\/assets\/img\/blog\/blog_news_4.png","articleSection":["Sito Rentila"],"inLanguage":"it-IT"},{"@type":"WebPage","@id":"https:\/\/www.rentila.it\/blog\/2025\/11\/28\/il-punto-sullattualita-immobiliare-novembre-2025\/","url":"https:\/\/www.rentila.it\/blog\/2025\/11\/28\/il-punto-sullattualita-immobiliare-novembre-2025\/","name":"Il punto sull\u2019attualit\u00e0 immobiliare: Novembre 2025 &#187; Rentila.it","isPartOf":{"@id":"https:\/\/www.rentila.it\/blog\/#website"},"primaryImageOfPage":{"@id":"https:\/\/www.rentila.it\/blog\/2025\/11\/28\/il-punto-sullattualita-immobiliare-novembre-2025\/#primaryimage"},"image":{"@id":"https:\/\/www.rentila.it\/blog\/2025\/11\/28\/il-punto-sullattualita-immobiliare-novembre-2025\/#primaryimage"},"thumbnailUrl":"https:\/\/www.rentila.it\/assets\/img\/blog\/blog_news_4.png","datePublished":"2025-11-28T19:25:11+00:00","dateModified":"2025-11-28T20:19:21+00:00","description":"Come ogni mese Rentila ti offre una panoramica sulle principali notizie immobiliari. Buona lettura e buon affitto!","breadcrumb":{"@id":"https:\/\/www.rentila.it\/blog\/2025\/11\/28\/il-punto-sullattualita-immobiliare-novembre-2025\/#breadcrumb"},"inLanguage":"it-IT","potentialAction":[{"@type":"ReadAction","target":["https:\/\/www.rentila.it\/blog\/2025\/11\/28\/il-punto-sullattualita-immobiliare-novembre-2025\/"]}]},{"@type":"ImageObject","inLanguage":"it-IT","@id":"https:\/\/www.rentila.it\/blog\/2025\/11\/28\/il-punto-sullattualita-immobiliare-novembre-2025\/#primaryimage","url":"https:\/\/www.rentila.it\/assets\/img\/blog\/blog_news_4.png","contentUrl":"https:\/\/www.rentila.it\/assets\/img\/blog\/blog_news_4.png"},{"@type":"BreadcrumbList","@id":"https:\/\/www.rentila.it\/blog\/2025\/11\/28\/il-punto-sullattualita-immobiliare-novembre-2025\/#breadcrumb","itemListElement":[{"@type":"ListItem","position":1,"name":"Home","item":"https:\/\/www.rentila.it\/blog\/"},{"@type":"ListItem","position":2,"name":"Il punto sull\u2019attualit\u00e0 immobiliare: Novembre 2025"}]},{"@type":"WebSite","@id":"https:\/\/www.rentila.it\/blog\/#website","url":"https:\/\/www.rentila.it\/blog\/","name":"Rentila Italia - Blog Immobiliare, gestione della propriet\u00e0 immobiliare","description":"","publisher":{"@id":"https:\/\/www.rentila.it\/blog\/#organization"},"potentialAction":[{"@type":"SearchAction","target":{"@type":"EntryPoint","urlTemplate":"https:\/\/www.rentila.it\/blog\/?s={search_term_string}"},"query-input":{"@type":"PropertyValueSpecification","valueRequired":true,"valueName":"search_term_string"}}],"inLanguage":"it-IT"},{"@type":"Organization","@id":"https:\/\/www.rentila.it\/blog\/#organization","name":"Rentila Italia","url":"https:\/\/www.rentila.it\/blog\/","logo":{"@type":"ImageObject","inLanguage":"it-IT","@id":"https:\/\/www.rentila.it\/blog\/#\/schema\/logo\/image\/","url":"https:\/\/www.rentila.it\/blog\/wp-content\/uploads\/2016\/04\/logo_house_256px.jpg","contentUrl":"https:\/\/www.rentila.it\/blog\/wp-content\/uploads\/2016\/04\/logo_house_256px.jpg","width":256,"height":256,"caption":"Rentila Italia"},"image":{"@id":"https:\/\/www.rentila.it\/blog\/#\/schema\/logo\/image\/"},"sameAs":["https:\/\/www.facebook.com\/rentilait\/"]},{"@type":"Person","@id":"https:\/\/www.rentila.it\/blog\/#\/schema\/person\/5803f2a68411a8aade0894542548c724","name":"Alessandro","image":{"@type":"ImageObject","inLanguage":"it-IT","@id":"https:\/\/secure.gravatar.com\/avatar\/74b0f7952beb80b98d01379e7167db26dfa67b38d113f481d62e7a90a9d37406?s=96&d=mm&r=g","url":"https:\/\/secure.gravatar.com\/avatar\/74b0f7952beb80b98d01379e7167db26dfa67b38d113f481d62e7a90a9d37406?s=96&d=mm&r=g","contentUrl":"https:\/\/secure.gravatar.com\/avatar\/74b0f7952beb80b98d01379e7167db26dfa67b38d113f481d62e7a90a9d37406?s=96&d=mm&r=g","caption":"Alessandro"}}]}},"_links":{"self":[{"href":"https:\/\/www.rentila.it\/blog\/wp-json\/wp\/v2\/posts\/7247","targetHints":{"allow":["GET"]}}],"collection":[{"href":"https:\/\/www.rentila.it\/blog\/wp-json\/wp\/v2\/posts"}],"about":[{"href":"https:\/\/www.rentila.it\/blog\/wp-json\/wp\/v2\/types\/post"}],"author":[{"embeddable":true,"href":"https:\/\/www.rentila.it\/blog\/wp-json\/wp\/v2\/users\/7"}],"replies":[{"embeddable":true,"href":"https:\/\/www.rentila.it\/blog\/wp-json\/wp\/v2\/comments?post=7247"}],"version-history":[{"count":12,"href":"https:\/\/www.rentila.it\/blog\/wp-json\/wp\/v2\/posts\/7247\/revisions"}],"predecessor-version":[{"id":7391,"href":"https:\/\/www.rentila.it\/blog\/wp-json\/wp\/v2\/posts\/7247\/revisions\/7391"}],"wp:attachment":[{"href":"https:\/\/www.rentila.it\/blog\/wp-json\/wp\/v2\/media?parent=7247"}],"wp:term":[{"taxonomy":"category","embeddable":true,"href":"https:\/\/www.rentila.it\/blog\/wp-json\/wp\/v2\/categories?post=7247"},{"taxonomy":"post_tag","embeddable":true,"href":"https:\/\/www.rentila.it\/blog\/wp-json\/wp\/v2\/tags?post=7247"}],"curies":[{"name":"wp","href":"https:\/\/api.w.org\/{rel}","templated":true}]}}