{"id":6423,"date":"2025-02-24T12:02:10","date_gmt":"2025-02-24T12:02:10","guid":{"rendered":"https:\/\/www.rentila.it\/blog\/?p=6423"},"modified":"2025-02-24T15:03:58","modified_gmt":"2025-02-24T15:03:58","slug":"gestire-aumenti-affitto","status":"publish","type":"post","link":"https:\/\/www.rentila.it\/blog\/2025\/02\/24\/gestire-aumenti-affitto\/","title":{"rendered":"Come gestire gli aumenti dell&#8217;affitto: quando e come farlo"},"content":{"rendered":"<div><img decoding=\"async\" class=\"alignleft size-full wp-image-516\" title=\"newspaper\" src=\"https:\/\/www.rentila.it\/assets\/img\/blog\/blog_checklist.png\" alt=\"Come gestire gli aumenti dell'affitto: quando e come farlo\" \/><\/div>\n<div class=\"sommaire\">\n<div class=\"phase-content__flag phase-1\">Summary<\/div>\n<ol>\n<li><a href=\"https:\/\/www.rentila.it\/blog\/2025\/02\/24\/gestire-aumenti-affitto\/#1\">Tendenze attuali del mercato degli affitti: i dati pi\u00f9 recenti<\/a><\/li>\n<li><a href=\"https:\/\/www.rentila.it\/blog\/2025\/02\/24\/gestire-aumenti-affitto\/#2\">Quando dovresti considerare un aumento degli affitti?<\/a><\/li>\n<li><a href=\"https:\/\/www.rentila.it\/blog\/2025\/02\/24\/gestire-aumenti-affitto\/#3\">Quanto aumentare gli affitti: percentuali e formule<\/a><\/li>\n<li><a href=\"https:\/\/www.rentila.it\/blog\/2025\/02\/24\/gestire-aumenti-affitto\/#4\">Comunicare l\u2019aumento dell\u2019affitto agli inquilini<\/a><\/li>\n<li><a href=\"https:\/\/www.rentila.it\/blog\/2025\/02\/24\/gestire-aumenti-affitto\/#5\">Domande frequenti<\/a><\/li>\n<li><a href=\"https:\/\/www.rentila.it\/blog\/2025\/02\/24\/gestire-aumenti-affitto\/#6\">Cose da ricordare<\/a><\/li>\n<\/ol>\n<\/div>\n<p class=\"lead\">L\u2019incremento delle entrate \u00e8 una priorit\u00e0 per i locatori italiani, soprattutto per fronteggiare l\u2019inflazione e i costi sempre pi\u00f9 elevati. Uno strumento fondamentale per ottenere maggiori profitti \u00e8 l\u2019aumento del canone di locazione. <a href=\"https:\/\/www.idealista.it\/news\/immobiliare\/residenziale\/2025\/01\/03\/195606-affiti-case-nel-2024-canoni-in-aumento-del-10-6-rispetto-all-anno-precedente#:~:text=Il%20mercato%20degli%20affitti%20in,8%20euro%20al%20metro%20quadro.\" target=\"_blank\" rel=\"noopener\">I dati pi\u00f9 recenti<\/a> evidenziano come, in varie zone urbane italiane, gli affitti siano cresciuti in modo significativo rispetto all\u2019anno precedente.<\/p>\n<p class=\"lead\">Tuttavia, occorre mantenere un equilibrio tra redditivit\u00e0 e soddisfazione degli inquilini. Vanno dunque considerate le condizioni del mercato locale, le restrizioni imposte dalla legge, le caratteristiche peculiari del vostro immobile e le modalit\u00e0 pi\u00f9 opportune per informare gli inquilini degli adeguamenti.<\/p>\n<p class=\"lead\">Questa guida ti accompagner\u00e0 passo dopo passo nel processo di aumento dell\u2019affitto, offrendoti conoscenze e strategie utili a prendere decisioni consapevoli, vantaggiose sia per te sia per i tuoi inquilini, in un mercato italiano degli affitti sempre pi\u00f9 dinamico.<\/p>\n<p><!--more--><\/p>\n<h2 id=\"1\">Tendenze attuali del mercato degli affitti: i dati pi\u00f9 recenti<\/h2>\n<p>Come locatore, \u00e8 essenziale che tu rimanga aggiornato sulle tendenze del mercato degli affitti. Di seguito trovi gli elementi pi\u00f9 importanti da valutare per comprendere a fondo la situazione attuale del settore immobiliare.<\/p>\n<h3>Canoni di locazione in aumento<\/h3>\n<p>In numerose citt\u00e0 e province italiane, i canoni di locazione sono in costante crescita. Secondo diversi rilevamenti riferiti all\u2019inizio del 2024, molte aree metropolitane hanno registrato <a href=\"https:\/\/www.quotidianodelcondominio.it\/attualita\/il-2024-si-chiude-con-un-aumento-annuo-dei-prezzi-di-affitto-del-31-2\/\" target=\"_blank\" rel=\"noopener\">incrementi sostanziali rispetto all\u2019anno precedente<\/a>. Questi dati confermano la solidit\u00e0 del mercato, offrendoti l\u2019opportunit\u00e0 di adeguare gli affitti in linea con gli standard pi\u00f9 recenti.<\/p>\n<h3>Variazioni regionali<\/h3>\n<p>Il quadro generale, pur essendo positivo, pu\u00f2 presentare differenze significative a seconda dell\u2019area in cui si trova il tuo immobile. Per esempio, in citt\u00e0 come <a href=\"https:\/\/www.corriere.it\/economia\/affitti\/24_settembre_20\/casa-prezzi-e-affitti-ancora-su-nei-prossimi-tre-anni-le-stime-di-nomisma-per-le-citta-da-milano-a-roma-680ded04-214d-4f47-81c3-a69dd696fxlk.shtml\" target=\"_blank\" rel=\"noopener\">Milano o Roma<\/a> potresti incontrare aumenti superiori alla media, mentre in zone in via di sviluppo l\u2019incremento risulta pi\u00f9 moderato. Informarti sulle tariffe nella tua zona \u00e8 il modo migliore per stabilire la percentuale di adeguamento pi\u00f9 adatta al contesto locale.<\/p>\n<h3>La domanda supera l\u2019offerta<\/h3>\n<p>Un fattore rilevante \u00e8 il divario tra domanda e offerta. In molte aree urbane, il numero di possibili inquilini supera di gran lunga gli alloggi disponibili, creando un\u2019elevata competizione. Questa situazione ti consente di rivedere i prezzi verso l\u2019alto, poich\u00e9 potresti ricevere diverse richieste per ogni immobile, aumentando la tua flessibilit\u00e0 nella selezione degli inquilini e nella definizione del canone.<\/p>\n<h3>Fattori economici in gioco<\/h3>\n<p>Ricorda che questi trend dipendono anche da variabili macroeconomiche, come l\u2019inflazione, la stabilit\u00e0 del lavoro e il livello di accessibilit\u00e0 abitativa. Per prevedere possibili evoluzioni e adattare di conseguenza la tua strategia, \u00e8 consigliabile tenere sempre d\u2019occhio tali indicatori.<\/p>\n<p>Informarti sui movimenti del mercato degli affitti ti permetter\u00e0 di gestire pi\u00f9 efficacemente gli aumenti e di organizzare al meglio la gestione immobiliare. Considera l&#8217;utilizzo di un <a href=\"https:\/\/www.rentila.it\" target=\"_blank\" rel=\"noopener\">software di gestione immobiliare<\/a> per gestire le tue propriet\u00e0 in modo efficiente e notificare agli inquilini gli aggiornamenti. Molti proprietari si chiedono quale sia il momento ideale per procedere con un rialzo dell\u2019affitto: ecco come individuarlo.<\/p>\n<h2 id=\"2\">Quando dovresti considerare un aumento degli affitti?<\/h2>\n<p>Per salvaguardare la tua redditivit\u00e0 e mantenere un buon rapporto con gli inquilini, devi scegliere con attenzione il momento in cui rivedere il canone di locazione. Ecco i fattori principali da tenere presenti:<\/p>\n<ul>\n<li>Controllare le condizioni di mercato<\/li>\n<li>Dare priorit\u00e0 ai miglioramenti dell\u2019immobile per giustificare gli aumenti<\/li>\n<li>Considerare l\u2019economia<\/li>\n<li>Puntare al momento del rinnovo del contratto di locazione<\/li>\n<li>Non dimenticare gli obblighi di legge<\/li>\n<\/ul>\n<h3>Controllare le condizioni di mercato<\/h3>\n<p>Monitora costantemente i prezzi degli affitti nella tua zona. Se immobili simili al tuo ottengono canoni pi\u00f9 alti, \u00e8 probabilmente il momento di riallineare il tuo. Portali come <a href=\"https:\/\/www.immobiliare.it\">Immobiliare.it<\/a>, <a href=\"https:\/\/www.idealista.it\" target=\"_blank\" rel=\"noopener\">Idealista<\/a> o altri siti specializzati possono fornirti dati utili, cos\u00ec come gli operatori immobiliari locali.<\/p>\n<h3>Dare priorit\u00e0 ai miglioramenti dell\u2019immobile per giustificare gli aumenti<\/h3>\n<p>Hai investito in <a href=\"https:\/\/www.rentila.it\/blog\/2021\/07\/25\/in-che-modo-i-locatori-possono-rinnovare-e-decorare-le-loro-proprieta-in-affitto\/\" target=\"_blank\" rel=\"noopener\">ristrutturazioni o migliorie importanti<\/a>, come una nuova cucina o un impianto energetico pi\u00f9 efficiente? Questi interventi aumentano il valore percepito dell\u2019immobile, consentendoti di chiedere un canone pi\u00f9 elevato in modo pienamente giustificato.<\/p>\n<h3>Considerare l&#8217;economia<\/h3>\n<p>Valuta con attenzione l\u2019inflazione e il costo della vita, nonch\u00e9 le tue <a href=\"https:\/\/www.rentila.it\/blog\/2022\/04\/25\/come-prendersi-cura-del-proprio-immobile-in-affitto\/\" target=\"_blank\" rel=\"noopener\">spese di manutenzione<\/a> e le <a href=\"https:\/\/www.rentila.it\/blog\/2019\/08\/02\/tasse-su-affitto\/\" target=\"_blank\" rel=\"noopener\">tasse<\/a>. Un adeguamento del canone pu\u00f2 rendersi necessario per coprire tali costi, ma fai attenzione alla situazione economica dei tuoi inquilini per evitare di generare turnover eccessivo.<\/p>\n<h3>Puntare al momento del rinnovo del contratto di locazione<\/h3>\n<p>Spesso, \u00e8 pi\u00f9 semplice aggiornare l\u2019affitto verso la fine del periodo contrattuale. In questo modo, riesci a rispettare i termini di preavviso e a lasciare agli inquilini il tempo di valutare le nuove condizioni in tutta tranquillit\u00e0.<\/p>\n<h3>Non dimenticare gli obblighi di legge<\/h3>\n<p>La normativa italiana stabilisce regole specifiche per gli aumenti, specialmente nei <a href=\"https:\/\/www.rentila.it\/blog\/2016\/10\/23\/contratto-affitto-canone-concordato-32-come-funziona\/\" target=\"_blank\" rel=\"noopener\">contratti a canone concordato<\/a>. In alcune citt\u00e0, possono esserci disposizioni aggiuntive che limitano la frequenza e la portata degli incrementi. Assicurati sempre di rispettare la legislazione per evitare problemi legali.<\/p>\n<p>Anche se un aumento del canone ti permette di incrementare i guadagni, cerca di mantenere un equilibrio rispetto alle esigenze degli inquilini. Ritocchi troppo alti e improvvisi possono <a href=\"https:\/\/www.rentila.it\/blog\/2024\/05\/27\/come-ridurre-turnover-sfitto\/\" target=\"_blank\" rel=\"noopener\">spingerli ad abbandonare l\u2019immobile<\/a>, generando ulteriori spese e periodi di sfitto. Per gestire in modo chiaro e ordinato i rapporti con i conduttori, considera di adottare un <a href=\"https:\/\/www.rentila.it\/tour\/\" target=\"_blank\" rel=\"noopener\">software gestionale per immobili<\/a>: si tratta di una soluzione che ti aiuta a comunicare in maniera trasparente, riducendo eventuali contrasti. Di seguito, troverai alcune formule utili per calcolare l\u2019entit\u00e0 dell\u2019aumento in diverse situazioni.<\/p>\n<h2 id=\"3\">Quanto aumentare gli affitti: percentuali e formule<\/h2>\n<p>Nel momento in cui valuti un incremento del canone, \u00e8 importante equilibrare le tendenze di mercato, i lavori effettuati sull\u2019immobile e la necessit\u00e0 di trattenere inquilini affidabili. Ecco alcuni metodi che ti possono aiutare:<\/p>\n<ul>\n<li>Aumenti basati sul mercato<\/li>\n<li>Adeguamento al costo della vita<\/li>\n<li>Aumenti di valore aggiunto<\/li>\n<\/ul>\n<h3>Aumenti basati sul mercato<\/h3>\n<p>Per mantenerti competitivo, informati sulle tariffe richieste da immobili simili nella tua area. L\u2019obiettivo \u00e8 allinearti ai valori medi, conservando un tasso di occupazione elevato. Spesso si ricorre anche all\u2019indice dei prezzi al consumo (<a href=\"https:\/\/www.avatrade.it\/education\/economic-indicators\/fundamental-indicators\/consumer-price-index\" target=\"_blank\" rel=\"noopener\">IPC<\/a> o <a href=\"https:\/\/www.pmi.it\/economia\/mercati\/373214\/rivalutazione-canone-affitti-istat-nuovi-indici-formula-di-calcolo-esempi-valori-febbraio-2025.html\" target=\"_blank\" rel=\"noopener\">ISTAT<\/a>) come base di riferimento, applicando la formula:<\/p>\n<p>Nuovo Canone = (Canone Attuale x CPI%) + Canone Attuale<\/p>\n<h3>Adeguamento al costo della vita<\/h3>\n<p>Se desideri un approccio pi\u00f9 preciso, puoi includere le <a href=\"https:\/\/www.rentila.it\/blog\/2021\/10\/25\/spese-del-locatario\/\" target=\"_blank\" rel=\"noopener\">spese totali che sostieni come proprietario<\/a>: mutuo, tasse, assicurazione e manutenzione. Calcola la percentuale di incremento di tali costi e applicala all\u2019affitto attuale:<\/p>\n<p>Nuovo Canone = Canone Attuale + (Canone Attuale x Percentuale Aumento Costi)<\/p>\n<h3>Aumenti di valore aggiunto<\/h3>\n<p>Nel caso tu abbia realizzato interventi importanti hai la possibilit\u00e0 di giustificare un aumento maggiore rispetto al semplice adeguamento ISTAT. Un metodo semplice prevede di aggiungere al canone mensile una percentuale del costo di questi lavori, dilazionandola nel tempo:<\/p>\n<p>Aumento Mensile = (Costo delle migliorie x 10%) \/ 12<\/p>\n<p>Il \u201c10%\u201d \u00e8 puramente indicativo: puoi regolarlo in base alle tue esigenze.<\/p>\n<p>Ricorda che ogni immobile fa storia a s\u00e9 e che devi sempre tenere conto della normativa italiana, oltre che delle circostanze specifiche. Un buon <a href=\"https:\/\/www.rentila.it\/benefits\" target=\"_blank\" rel=\"noopener\">software gestionale immobiliare<\/a> pu\u00f2 aiutarti a registrare le spese, gestire i calcoli e inviare notifiche agli inquilini in modo rapido e professionale. Vediamo ora come affrontare la comunicazione dell\u2019aumento con gli affittuari.<\/p>\n<h2 id=\"4\">Comunicare l\u2019aumento dell\u2019affitto agli inquilini<\/h2>\n<p>Giustificare un aumento del canone richiede cura e chiarezza. \u00c8 normale che l\u2019inquilino possa vivere la novit\u00e0 con preoccupazione, quindi la trasparenza diventa essenziale.<\/p>\n<h3>Verificare il contratto e le normative<\/h3>\n<p>Prima di procedere, leggi con attenzione le clausole di revisione nel <a href=\"https:\/\/www.rentila.it\/blog\/2019\/02\/02\/quale-contratto-di-affitto-scegliere\/\" target=\"_blank\" rel=\"noopener\">contratto di locazione<\/a> e accertati di rispettare i termini di preavviso previsti dalla legge. Talvolta si tratta di 30 giorni per contratti brevi (o mensili) e 6 mesi per quelli annuali, ma pu\u00f2 variare in base al tipo di accordo.<\/p>\n<h3>Motivare la richiesta<\/h3>\n<p>Dai una spiegazione semplice e onesta delle ragioni per cui sei costretto ad aumentare il canone: un incremento delle tasse sulla casa, interventi di ristrutturazione, l\u2019adeguamento ISTAT o un generale aumento delle spese di manutenzione. Fornisci esempi concreti, se possibile, ma resta sintetico.<\/p>\n<h3>Elaborazione del messaggio<\/h3>\n<p>Mantieni un tono formale ma cordiale, mostrando anche apprezzamento per come l\u2019inquilino ha gestito la casa.<br \/>\nEsempio di testo:<br \/>\n\u201cCaro\/a (Nome), ti ringrazio per la cura con cui ti prendi del mio immobile. Purtroppo, a causa dell\u2019aumento delle spese di manutenzione, sar\u00f2 costretto ad adeguare il canone da (XX\u20ac) a (YY\u20ac) a partire dal (data). Spero che questo adeguamento possa continuare a garantirti un soggiorno piacevole e prolungato.\u201d<\/p>\n<h3>Scegliere il metodo di notifica<\/h3>\n<p>Preferisci soluzioni che ti diano prova dell\u2019avvenuta ricezione, come la raccomandata o la PEC (se il contratto la prevede). In alternativa, puoi consegnare l\u2019avviso a mano richiedendo una firma di ricevuta. In seguito, una telefonata o un incontro di persona pu\u00f2 essere utile per chiarire eventuali perplessit\u00e0.<\/p>\n<h3>Gestire le reazioni degli inquilini<\/h3>\n<p>Alcuni accetteranno senza problemi, altri potrebbero chiedere di ridurre l\u2019importo o dilazionarlo, oppure valutare di lasciare l\u2019immobile. Ascolta sempre con attenzione le loro richieste e valuta se un compromesso ragionevole possa aiutarti a mantenere un buon inquilino.<\/p>\n<p>Con un approccio rispettoso e una comunicazione ben strutturata, riuscirai ad aumentare l\u2019affitto preservando il rapporto con il tuo locatario e tutelando il valore del tuo investimento.<\/p>\n<h2 id=\"5\">Domande frequenti<\/h2>\n<h3>Qual \u00e8 il massimo che un proprietario pu\u00f2 aumentare l\u2019affitto?<\/h3>\n<p>In Italia non esiste un tetto universale per i contratti tra privati, ma qualsiasi aumento deve essere motivato e conforme alle condizioni di mercato. Nel caso di contratti a canone concordato o in zone soggette ad accordi territoriali specifici, potresti incontrare limiti precisi.<\/p>\n<h3>Come affrontare la decisione di aumentare l&#8217;affitto?<\/h3>\n<p>Devi notificare l\u2019incremento in forma scritta, spiegando con chiarezza le ragioni (lavori di manutenzione, spese aggiuntive, adeguamento ISTAT) e indicando il nuovo importo e la data di decorrenza.<\/p>\n<h3>Quanto preavviso devo dare al mio inquilino per un aumento dell\u2019affitto?<\/h3>\n<p>Se il contratto prevede solo l\u2019adeguamento ISTAT, puoi applicarlo durante la locazione, seguendo tempi e modalit\u00e0 indicati nel contratto.<br \/>\nPer qualsiasi aumento diverso dall\u2019ISTAT, devi attendere la scadenza contrattuale (ad esempio, dopo i primi 4 anni di un 4+4) e fornire almeno 6 mesi di preavviso, in modo da evitare il rinnovo automatico alle stesse condizioni.<\/p>\n<h2 id=\"6\">Quando e come aumentare l\u2019affitto: cose da ricordare<\/h2>\n<ul>\n<li>Nel complesso panorama degli aumenti degli affitti, ricorda che la tempistica, la comunicazione e la consapevolezza del mercato sono fondamentali.<\/li>\n<li>\u00c8 importante trovare un equilibrio tra le tendenze del mercato, la conservazione degli inquilini e le normative locali.<\/li>\n<li>Facendo ricerche approfondite sul tuo mercato specifico, fornendo un ampio preavviso e spiegando chiaramente le ragioni degli aumenti, puoi mantenere relazioni positive con gli inquilini e garantire che la tua propriet\u00e0 rimanga redditizia.<\/li>\n<li>Una strategia di aumento degli affitti ben eseguita ti aiuter\u00e0 a rimanere competitivi in un mercato in continua evoluzione.<\/li>\n<\/ul>\n","protected":false},"excerpt":{"rendered":"<p>Summary Tendenze attuali del mercato degli affitti: i dati pi\u00f9 recenti Quando dovresti considerare un aumento degli affitti? Quanto aumentare gli affitti: percentuali e formule Comunicare l\u2019aumento dell\u2019affitto agli inquilini Domande frequenti Cose da ricordare L\u2019incremento delle entrate \u00e8 una priorit\u00e0 per i locatori italiani, soprattutto per fronteggiare l\u2019inflazione e i costi sempre pi\u00f9 elevati. [&hellip;]<\/p>\n","protected":false},"author":7,"featured_media":0,"comment_status":"closed","ping_status":"closed","sticky":false,"template":"","format":"standard","meta":{"footnotes":""},"categories":[3,1],"tags":[30],"class_list":["post-6423","post","type-post","status-publish","format-standard","hentry","category-consigli","category-sviluppo-del-sito","tag-affitto"],"yoast_head":"<!-- This site is optimized with the Yoast SEO plugin v27.4 - https:\/\/yoast.com\/product\/yoast-seo-wordpress\/ -->\n<title>Come gestire gli aumenti dell&#039;affitto: quando e come farlo &#187; Rentila.it<\/title>\n<meta name=\"description\" content=\"L\u2019incremento delle entrate \u00e8 una priorit\u00e0 per i locatori italiani. Leggi ora la nostra ora la guida completa di Rentila.\" \/>\n<meta name=\"robots\" content=\"index, follow, max-snippet:-1, max-image-preview:large, max-video-preview:-1\" \/>\n<link rel=\"canonical\" href=\"https:\/\/www.rentila.it\/blog\/2025\/02\/24\/gestire-aumenti-affitto\/\" \/>\n<meta property=\"og:locale\" content=\"it_IT\" \/>\n<meta property=\"og:type\" content=\"article\" \/>\n<meta property=\"og:title\" content=\"Come gestire gli aumenti dell&#039;affitto: quando e come farlo &#187; Rentila.it\" \/>\n<meta property=\"og:description\" content=\"L\u2019incremento delle entrate \u00e8 una priorit\u00e0 per i locatori italiani. Leggi ora la nostra ora la guida completa di Rentila.\" \/>\n<meta property=\"og:url\" content=\"https:\/\/www.rentila.it\/blog\/2025\/02\/24\/gestire-aumenti-affitto\/\" \/>\n<meta property=\"og:site_name\" content=\"Rentila Italia - Blog Immobiliare, gestione della propriet\u00e0 immobiliare\" \/>\n<meta property=\"article:publisher\" content=\"https:\/\/www.facebook.com\/rentilait\/\" \/>\n<meta property=\"article:published_time\" content=\"2025-02-24T12:02:10+00:00\" \/>\n<meta property=\"article:modified_time\" content=\"2025-02-24T15:03:58+00:00\" \/>\n<meta name=\"author\" content=\"Alessandro\" \/>\n<meta name=\"twitter:card\" content=\"summary_large_image\" \/>\n<meta name=\"twitter:label1\" content=\"Scritto da\" \/>\n\t<meta name=\"twitter:data1\" content=\"Alessandro\" \/>\n\t<meta name=\"twitter:label2\" content=\"Tempo di lettura stimato\" \/>\n\t<meta name=\"twitter:data2\" content=\"10 minuti\" \/>\n<script type=\"application\/ld+json\" class=\"yoast-schema-graph\">{\"@context\":\"https:\\\/\\\/schema.org\",\"@graph\":[{\"@type\":\"Article\",\"@id\":\"https:\\\/\\\/www.rentila.it\\\/blog\\\/2025\\\/02\\\/24\\\/gestire-aumenti-affitto\\\/#article\",\"isPartOf\":{\"@id\":\"https:\\\/\\\/www.rentila.it\\\/blog\\\/2025\\\/02\\\/24\\\/gestire-aumenti-affitto\\\/\"},\"author\":{\"name\":\"Alessandro\",\"@id\":\"https:\\\/\\\/www.rentila.it\\\/blog\\\/#\\\/schema\\\/person\\\/5803f2a68411a8aade0894542548c724\"},\"headline\":\"Come gestire gli aumenti dell&#8217;affitto: quando e come farlo\",\"datePublished\":\"2025-02-24T12:02:10+00:00\",\"dateModified\":\"2025-02-24T15:03:58+00:00\",\"mainEntityOfPage\":{\"@id\":\"https:\\\/\\\/www.rentila.it\\\/blog\\\/2025\\\/02\\\/24\\\/gestire-aumenti-affitto\\\/\"},\"wordCount\":1789,\"publisher\":{\"@id\":\"https:\\\/\\\/www.rentila.it\\\/blog\\\/#organization\"},\"image\":{\"@id\":\"https:\\\/\\\/www.rentila.it\\\/blog\\\/2025\\\/02\\\/24\\\/gestire-aumenti-affitto\\\/#primaryimage\"},\"thumbnailUrl\":\"https:\\\/\\\/www.rentila.it\\\/assets\\\/img\\\/blog\\\/blog_checklist.png\",\"keywords\":[\"affitto\"],\"articleSection\":[\"Consigli\",\"Sito Rentila\"],\"inLanguage\":\"it-IT\"},{\"@type\":\"WebPage\",\"@id\":\"https:\\\/\\\/www.rentila.it\\\/blog\\\/2025\\\/02\\\/24\\\/gestire-aumenti-affitto\\\/\",\"url\":\"https:\\\/\\\/www.rentila.it\\\/blog\\\/2025\\\/02\\\/24\\\/gestire-aumenti-affitto\\\/\",\"name\":\"Come gestire gli aumenti dell'affitto: quando e come farlo &#187; Rentila.it\",\"isPartOf\":{\"@id\":\"https:\\\/\\\/www.rentila.it\\\/blog\\\/#website\"},\"primaryImageOfPage\":{\"@id\":\"https:\\\/\\\/www.rentila.it\\\/blog\\\/2025\\\/02\\\/24\\\/gestire-aumenti-affitto\\\/#primaryimage\"},\"image\":{\"@id\":\"https:\\\/\\\/www.rentila.it\\\/blog\\\/2025\\\/02\\\/24\\\/gestire-aumenti-affitto\\\/#primaryimage\"},\"thumbnailUrl\":\"https:\\\/\\\/www.rentila.it\\\/assets\\\/img\\\/blog\\\/blog_checklist.png\",\"datePublished\":\"2025-02-24T12:02:10+00:00\",\"dateModified\":\"2025-02-24T15:03:58+00:00\",\"description\":\"L\u2019incremento delle entrate \u00e8 una priorit\u00e0 per i locatori italiani. Leggi ora la nostra ora la guida completa di Rentila.\",\"breadcrumb\":{\"@id\":\"https:\\\/\\\/www.rentila.it\\\/blog\\\/2025\\\/02\\\/24\\\/gestire-aumenti-affitto\\\/#breadcrumb\"},\"inLanguage\":\"it-IT\",\"potentialAction\":[{\"@type\":\"ReadAction\",\"target\":[\"https:\\\/\\\/www.rentila.it\\\/blog\\\/2025\\\/02\\\/24\\\/gestire-aumenti-affitto\\\/\"]}]},{\"@type\":\"ImageObject\",\"inLanguage\":\"it-IT\",\"@id\":\"https:\\\/\\\/www.rentila.it\\\/blog\\\/2025\\\/02\\\/24\\\/gestire-aumenti-affitto\\\/#primaryimage\",\"url\":\"https:\\\/\\\/www.rentila.it\\\/assets\\\/img\\\/blog\\\/blog_checklist.png\",\"contentUrl\":\"https:\\\/\\\/www.rentila.it\\\/assets\\\/img\\\/blog\\\/blog_checklist.png\"},{\"@type\":\"BreadcrumbList\",\"@id\":\"https:\\\/\\\/www.rentila.it\\\/blog\\\/2025\\\/02\\\/24\\\/gestire-aumenti-affitto\\\/#breadcrumb\",\"itemListElement\":[{\"@type\":\"ListItem\",\"position\":1,\"name\":\"Home\",\"item\":\"https:\\\/\\\/www.rentila.it\\\/blog\\\/\"},{\"@type\":\"ListItem\",\"position\":2,\"name\":\"Come gestire gli aumenti dell&#8217;affitto: quando e come farlo\"}]},{\"@type\":\"WebSite\",\"@id\":\"https:\\\/\\\/www.rentila.it\\\/blog\\\/#website\",\"url\":\"https:\\\/\\\/www.rentila.it\\\/blog\\\/\",\"name\":\"Rentila Italia - Blog Immobiliare, gestione della propriet\u00e0 immobiliare\",\"description\":\"\",\"publisher\":{\"@id\":\"https:\\\/\\\/www.rentila.it\\\/blog\\\/#organization\"},\"potentialAction\":[{\"@type\":\"SearchAction\",\"target\":{\"@type\":\"EntryPoint\",\"urlTemplate\":\"https:\\\/\\\/www.rentila.it\\\/blog\\\/?s={search_term_string}\"},\"query-input\":{\"@type\":\"PropertyValueSpecification\",\"valueRequired\":true,\"valueName\":\"search_term_string\"}}],\"inLanguage\":\"it-IT\"},{\"@type\":\"Organization\",\"@id\":\"https:\\\/\\\/www.rentila.it\\\/blog\\\/#organization\",\"name\":\"Rentila Italia\",\"url\":\"https:\\\/\\\/www.rentila.it\\\/blog\\\/\",\"logo\":{\"@type\":\"ImageObject\",\"inLanguage\":\"it-IT\",\"@id\":\"https:\\\/\\\/www.rentila.it\\\/blog\\\/#\\\/schema\\\/logo\\\/image\\\/\",\"url\":\"https:\\\/\\\/www.rentila.it\\\/blog\\\/wp-content\\\/uploads\\\/2016\\\/04\\\/logo_house_256px.jpg\",\"contentUrl\":\"https:\\\/\\\/www.rentila.it\\\/blog\\\/wp-content\\\/uploads\\\/2016\\\/04\\\/logo_house_256px.jpg\",\"width\":256,\"height\":256,\"caption\":\"Rentila Italia\"},\"image\":{\"@id\":\"https:\\\/\\\/www.rentila.it\\\/blog\\\/#\\\/schema\\\/logo\\\/image\\\/\"},\"sameAs\":[\"https:\\\/\\\/www.facebook.com\\\/rentilait\\\/\"]},{\"@type\":\"Person\",\"@id\":\"https:\\\/\\\/www.rentila.it\\\/blog\\\/#\\\/schema\\\/person\\\/5803f2a68411a8aade0894542548c724\",\"name\":\"Alessandro\",\"image\":{\"@type\":\"ImageObject\",\"inLanguage\":\"it-IT\",\"@id\":\"https:\\\/\\\/secure.gravatar.com\\\/avatar\\\/74b0f7952beb80b98d01379e7167db26dfa67b38d113f481d62e7a90a9d37406?s=96&d=mm&r=g\",\"url\":\"https:\\\/\\\/secure.gravatar.com\\\/avatar\\\/74b0f7952beb80b98d01379e7167db26dfa67b38d113f481d62e7a90a9d37406?s=96&d=mm&r=g\",\"contentUrl\":\"https:\\\/\\\/secure.gravatar.com\\\/avatar\\\/74b0f7952beb80b98d01379e7167db26dfa67b38d113f481d62e7a90a9d37406?s=96&d=mm&r=g\",\"caption\":\"Alessandro\"}}]}<\/script>\n<!-- \/ Yoast SEO plugin. -->","yoast_head_json":{"title":"Come gestire gli aumenti dell'affitto: quando e come farlo &#187; Rentila.it","description":"L\u2019incremento delle entrate \u00e8 una priorit\u00e0 per i locatori italiani. Leggi ora la nostra ora la guida completa di Rentila.","robots":{"index":"index","follow":"follow","max-snippet":"max-snippet:-1","max-image-preview":"max-image-preview:large","max-video-preview":"max-video-preview:-1"},"canonical":"https:\/\/www.rentila.it\/blog\/2025\/02\/24\/gestire-aumenti-affitto\/","og_locale":"it_IT","og_type":"article","og_title":"Come gestire gli aumenti dell'affitto: quando e come farlo &#187; Rentila.it","og_description":"L\u2019incremento delle entrate \u00e8 una priorit\u00e0 per i locatori italiani. Leggi ora la nostra ora la guida completa di Rentila.","og_url":"https:\/\/www.rentila.it\/blog\/2025\/02\/24\/gestire-aumenti-affitto\/","og_site_name":"Rentila Italia - Blog Immobiliare, gestione della propriet\u00e0 immobiliare","article_publisher":"https:\/\/www.facebook.com\/rentilait\/","article_published_time":"2025-02-24T12:02:10+00:00","article_modified_time":"2025-02-24T15:03:58+00:00","author":"Alessandro","twitter_card":"summary_large_image","twitter_misc":{"Scritto da":"Alessandro","Tempo di lettura stimato":"10 minuti"},"schema":{"@context":"https:\/\/schema.org","@graph":[{"@type":"Article","@id":"https:\/\/www.rentila.it\/blog\/2025\/02\/24\/gestire-aumenti-affitto\/#article","isPartOf":{"@id":"https:\/\/www.rentila.it\/blog\/2025\/02\/24\/gestire-aumenti-affitto\/"},"author":{"name":"Alessandro","@id":"https:\/\/www.rentila.it\/blog\/#\/schema\/person\/5803f2a68411a8aade0894542548c724"},"headline":"Come gestire gli aumenti dell&#8217;affitto: quando e come farlo","datePublished":"2025-02-24T12:02:10+00:00","dateModified":"2025-02-24T15:03:58+00:00","mainEntityOfPage":{"@id":"https:\/\/www.rentila.it\/blog\/2025\/02\/24\/gestire-aumenti-affitto\/"},"wordCount":1789,"publisher":{"@id":"https:\/\/www.rentila.it\/blog\/#organization"},"image":{"@id":"https:\/\/www.rentila.it\/blog\/2025\/02\/24\/gestire-aumenti-affitto\/#primaryimage"},"thumbnailUrl":"https:\/\/www.rentila.it\/assets\/img\/blog\/blog_checklist.png","keywords":["affitto"],"articleSection":["Consigli","Sito Rentila"],"inLanguage":"it-IT"},{"@type":"WebPage","@id":"https:\/\/www.rentila.it\/blog\/2025\/02\/24\/gestire-aumenti-affitto\/","url":"https:\/\/www.rentila.it\/blog\/2025\/02\/24\/gestire-aumenti-affitto\/","name":"Come gestire gli aumenti dell'affitto: quando e come farlo &#187; Rentila.it","isPartOf":{"@id":"https:\/\/www.rentila.it\/blog\/#website"},"primaryImageOfPage":{"@id":"https:\/\/www.rentila.it\/blog\/2025\/02\/24\/gestire-aumenti-affitto\/#primaryimage"},"image":{"@id":"https:\/\/www.rentila.it\/blog\/2025\/02\/24\/gestire-aumenti-affitto\/#primaryimage"},"thumbnailUrl":"https:\/\/www.rentila.it\/assets\/img\/blog\/blog_checklist.png","datePublished":"2025-02-24T12:02:10+00:00","dateModified":"2025-02-24T15:03:58+00:00","description":"L\u2019incremento delle entrate \u00e8 una priorit\u00e0 per i locatori italiani. Leggi ora la nostra ora la guida completa di Rentila.","breadcrumb":{"@id":"https:\/\/www.rentila.it\/blog\/2025\/02\/24\/gestire-aumenti-affitto\/#breadcrumb"},"inLanguage":"it-IT","potentialAction":[{"@type":"ReadAction","target":["https:\/\/www.rentila.it\/blog\/2025\/02\/24\/gestire-aumenti-affitto\/"]}]},{"@type":"ImageObject","inLanguage":"it-IT","@id":"https:\/\/www.rentila.it\/blog\/2025\/02\/24\/gestire-aumenti-affitto\/#primaryimage","url":"https:\/\/www.rentila.it\/assets\/img\/blog\/blog_checklist.png","contentUrl":"https:\/\/www.rentila.it\/assets\/img\/blog\/blog_checklist.png"},{"@type":"BreadcrumbList","@id":"https:\/\/www.rentila.it\/blog\/2025\/02\/24\/gestire-aumenti-affitto\/#breadcrumb","itemListElement":[{"@type":"ListItem","position":1,"name":"Home","item":"https:\/\/www.rentila.it\/blog\/"},{"@type":"ListItem","position":2,"name":"Come gestire gli aumenti dell&#8217;affitto: quando e come farlo"}]},{"@type":"WebSite","@id":"https:\/\/www.rentila.it\/blog\/#website","url":"https:\/\/www.rentila.it\/blog\/","name":"Rentila Italia - Blog Immobiliare, gestione della propriet\u00e0 immobiliare","description":"","publisher":{"@id":"https:\/\/www.rentila.it\/blog\/#organization"},"potentialAction":[{"@type":"SearchAction","target":{"@type":"EntryPoint","urlTemplate":"https:\/\/www.rentila.it\/blog\/?s={search_term_string}"},"query-input":{"@type":"PropertyValueSpecification","valueRequired":true,"valueName":"search_term_string"}}],"inLanguage":"it-IT"},{"@type":"Organization","@id":"https:\/\/www.rentila.it\/blog\/#organization","name":"Rentila Italia","url":"https:\/\/www.rentila.it\/blog\/","logo":{"@type":"ImageObject","inLanguage":"it-IT","@id":"https:\/\/www.rentila.it\/blog\/#\/schema\/logo\/image\/","url":"https:\/\/www.rentila.it\/blog\/wp-content\/uploads\/2016\/04\/logo_house_256px.jpg","contentUrl":"https:\/\/www.rentila.it\/blog\/wp-content\/uploads\/2016\/04\/logo_house_256px.jpg","width":256,"height":256,"caption":"Rentila Italia"},"image":{"@id":"https:\/\/www.rentila.it\/blog\/#\/schema\/logo\/image\/"},"sameAs":["https:\/\/www.facebook.com\/rentilait\/"]},{"@type":"Person","@id":"https:\/\/www.rentila.it\/blog\/#\/schema\/person\/5803f2a68411a8aade0894542548c724","name":"Alessandro","image":{"@type":"ImageObject","inLanguage":"it-IT","@id":"https:\/\/secure.gravatar.com\/avatar\/74b0f7952beb80b98d01379e7167db26dfa67b38d113f481d62e7a90a9d37406?s=96&d=mm&r=g","url":"https:\/\/secure.gravatar.com\/avatar\/74b0f7952beb80b98d01379e7167db26dfa67b38d113f481d62e7a90a9d37406?s=96&d=mm&r=g","contentUrl":"https:\/\/secure.gravatar.com\/avatar\/74b0f7952beb80b98d01379e7167db26dfa67b38d113f481d62e7a90a9d37406?s=96&d=mm&r=g","caption":"Alessandro"}}]}},"_links":{"self":[{"href":"https:\/\/www.rentila.it\/blog\/wp-json\/wp\/v2\/posts\/6423","targetHints":{"allow":["GET"]}}],"collection":[{"href":"https:\/\/www.rentila.it\/blog\/wp-json\/wp\/v2\/posts"}],"about":[{"href":"https:\/\/www.rentila.it\/blog\/wp-json\/wp\/v2\/types\/post"}],"author":[{"embeddable":true,"href":"https:\/\/www.rentila.it\/blog\/wp-json\/wp\/v2\/users\/7"}],"replies":[{"embeddable":true,"href":"https:\/\/www.rentila.it\/blog\/wp-json\/wp\/v2\/comments?post=6423"}],"version-history":[{"count":13,"href":"https:\/\/www.rentila.it\/blog\/wp-json\/wp\/v2\/posts\/6423\/revisions"}],"predecessor-version":[{"id":6473,"href":"https:\/\/www.rentila.it\/blog\/wp-json\/wp\/v2\/posts\/6423\/revisions\/6473"}],"wp:attachment":[{"href":"https:\/\/www.rentila.it\/blog\/wp-json\/wp\/v2\/media?parent=6423"}],"wp:term":[{"taxonomy":"category","embeddable":true,"href":"https:\/\/www.rentila.it\/blog\/wp-json\/wp\/v2\/categories?post=6423"},{"taxonomy":"post_tag","embeddable":true,"href":"https:\/\/www.rentila.it\/blog\/wp-json\/wp\/v2\/tags?post=6423"}],"curies":[{"name":"wp","href":"https:\/\/api.w.org\/{rel}","templated":true}]}}