{"id":450,"date":"2017-02-12T23:05:31","date_gmt":"2017-02-12T23:05:31","guid":{"rendered":"https:\/\/rentila.it\/blog\/?p=450"},"modified":"2025-11-04T14:32:43","modified_gmt":"2025-11-04T14:32:43","slug":"registrazione-contratto-di-locazione-le-risposte-alle-5-domande-piu-frequenti","status":"publish","type":"post","link":"https:\/\/www.rentila.it\/blog\/2017\/02\/12\/registrazione-contratto-di-locazione-le-risposte-alle-5-domande-piu-frequenti\/","title":{"rendered":"Registrazione contratto di locazione: le risposte alle 5 domande pi\u00f9 frequenti"},"content":{"rendered":"<p><img loading=\"lazy\" decoding=\"async\" src=\"https:\/\/www.rentila.it\/assets\/img\/blog\/blog_contract.png\" alt=\"registrazione contratto di locazione\" width=\"1600\" height=\"800\" class=\"thumbnail aligncenter size-full wp-image-265\" \/><\/p>\n<p class=\"lead\">La registrazione contratto di locazione \u00e8 obbligatoria, indipendentemente dal canone pattuito tra proprietario e locatore. C&#8217;\u00e8 solo un caso in cui la registrazione non \u00e8 obbligatoria, ed \u00e8 quando il contratto non supera i 30 giorni complessivi.<\/p>\n<p><!--more--><\/p>\n<h2>1. DOVE SI FA LA REGISTRAZIONE CONTRATTO DI LOCAZIONE?<\/h2>\n<p>Tutti i contratti di locazione devono essere registrati presso l&#8217;Agenzia delle Entrate, compresi quelli relativi a fondi rustici e quelli stipulati dai soggetti passivi Iva. Il contratto pu\u00f2 essere registrato dal proprietario o dall&#8217;inquilino, anche in via telematica, entro 30 giorni dal momento in cui \u00e8 stato stipulato.<\/p>\n<p>&gt;&gt;&gt; Nel caso di <strong>registrazione contratto di locazione telematica<\/strong>, \u00e8 necessario essere registrati a <a href=\"http:\/\/telematici.agenziaentrate.gov.it\/Main\/Registrati.jsp\" target=\"_blank\">Fisconline \/ Entratel<\/a> e procedere seguendo applicazione RLI (software Registrazione Locazioni Immobili).<\/p>\n<p>&gt;&gt;&gt; Nel caso di <strong>registrazione contratto di locazione presso un ufficio<\/strong> dell&#8217;Agenzia delle Entrate, si dovr\u00e0 recarsi nell&#8217;ufficio pi\u00f9 vicino, e compilare un modello RLI. Per sapere dove si trova l&#8217;ufficio pi\u00f9 vicino a te, <a href=\"http:\/\/www1.agenziaentrate.gov.it\/strumenti\/mappe\/mappeg.php\" target=\"_blank\">CLICCA QUI<\/a>.<\/p>\n<h2>2. QUANTO COSTA REGISTRARE IL CONTRATTO DI LOCAZIONE?<\/h2>\n<p>Quando non si opta per il regime della cedolare secca, \u00e8 necessario pagare, oltre all&#8217;Irpef:<\/p>\n<p><strong>L&#8217;IMPOSTA DI REGISTRO<\/strong>: in generale l&#8217;imposta da versare corrisponde al 2% del canone annuo di affitto, moltiplicato per il numero di annualit\u00e0. Nel momento della registrazione contratto di locazione si versa quella relativa al primo anno, il cui importo non pu\u00f2 essere inferiore a 67 euro.<br \/>\nLe imposte successive verranno versate entro 30 giorni dalla scadenza della precedente annualit\u00e0.<\/p>\n<p>&gt;&gt;&gt; PER I CONTRATTI A CANONE CONCORDATO di immobili in territori &#8220;ad alta tensione abitativa&#8221;: si applica uno sconto del 30%. In questo modo l&#8217;imposta si calcola sul 70% del canone di locazione annuo.<\/p>\n<p>ESEMPIO: il contratto dura 4 anni, si ha diritto ad una detrazione del 0,4%, che va a scendere al 0,3% e 0,2% se la durata \u00e8 pari a tre o due anni.<\/p>\n<p>Se il contratto di locazione ha una durata pluriennale, l&#8217;imposta di registro pu\u00f2 essere versata in due soluzioni:<\/p>\n<p>&gt;&gt;&gt; <strong>in un&#8217;unica soluzione<\/strong> per l&#8217;intera durata contrattuale: in questo caso si pu\u00f2 ottenere una detrazione pari alla met\u00e0 del tasso di interesse legale valido per l&#8217;anno in corso (dal 1 gennaio 2016 \u00e8 sceso allo 0,2%, quindi la met\u00e0 \u00e8 il 0,1%), moltiplicato per il numero degli anni previsti dal contratto di affitto. Il primo anno l&#8217;imposta non pu\u00f2 comunque essere inferiore a 67 euro.<br \/>\n&gt;&gt;&gt; <strong>annualmente<\/strong>, ovvero 2% del canone relativo a ciascuna annualit\u00e0. Tenendo conto degli aumenti Istat, ed entro 30 giorni dalla scadenza della precedente annualit\u00e0. In questo caso il limite di 67 euro non sussiste.<\/p>\n<p><strong>L&#8217;IMPOSTA DI BOLLO<\/strong>: l&#8217;importo \u00e8 fisso, ed \u00e8 pari a 16\u20ac per ogni foglio, composto da 4 facciate per un totale di 100 righe.<\/p>\n<h2>3. COSA SUCCEDE ALL&#8217;IMPOSTA DI REGISTRO VERSATA, SE IL CONTRATTO VIENE DISDETTO PRIMA DELLA SCADENZA?<\/h2>\n<p>Se il contratto di locazione viene disdetto prima della naturale scadenza, l&#8217;imposta di registro versata per la registrazione contratto di locazione dovr\u00e0 essere rimborsata. Il rimborso dell&#8217;importo pagato avviene per le annualit\u00e0 successive, a quella in cui avviene la disdetta anticipata.<\/p>\n<p>In caso invece di risoluzione o cessione, \u00e8 necessario versare 67 euro per l&#8217;imposta.<br \/>\n<!--more--><\/p>\n<h2>4. COME SI PAGA LA REGISTRAZIONE CONTRATTO DI LOCAZIONE?<\/h2>\n<p>Il pagamento dipende se si \u00e8 scelto di registrare il contratto in ufficio, o per via telematica.<\/p>\n<p>&gt;&gt;&gt; REGISTRAZIONE IN UFFICIO: per versare l&#8217;imposta bisogna utilizzare il <a href=\"http:\/\/www.agenziaentrate.gov.it\/wps\/content\/nsilib\/nsi\/home\/cosadevifare\/versare\/f24+elementi+identificativi+f24elide\/modello+e+istruzioni+f24elide\" target=\"_blank\">modello F24 Elide<\/a>. A seconda se si \u00e8 titolari di partita IVA o meno, cambia la modalit\u00e0 di presentazione del modello:<\/p>\n<ul>\n<li>Titolari di partita IVA -&gt; devono presentare il modello solo per vie telematiche, tramite i servizi online dell&#8217;Agenzia delle Entrate e del sistema bancario e postale. Per pagare l&#8217;imposta di bollo si utilizzano i contrassegni telematici @e.bollo (ex marca da bollo);<\/li>\n<li>NON titolari di partia IVA -&gt; possono presentare il modello anche presso banche e uffici postali.<\/li>\n<\/ul>\n<p>&gt;&gt;&gt; REGISTRAZIONE TELEMATICA: il pagamento delle imposte deve essere effettuato con addebito su conto corrente bancario o postale.<\/p>\n<p style=\"text-align: center;\">ATTENZIONE!! se il contratto di locazione \u00e8 assoggettato a cedolare secca, non sono dovute imposte di registro e di bollo.<\/p>\n<h2>5. SE PROPRIETARIO E INQUILINO DECIDONO DI ABBASSARE L&#8217;AFFITTO, BISOGNA PAGARE NUOVAMENTE LE IMPOSTE?<\/h2>\n<p>Dal 2014, grazie all&#8217;<a href=\"http:\/\/www.gazzettaufficiale.it\/eli\/id\/2014\/09\/12\/14G00149\/sg\" target=\"_blank\">art 19, comma 1, decreto legge 133\/2014<\/a>, se proprietario e inquilino decidono di abbassare il canone dell&#8217;affitto, non serve pagare nuovamente le imposte di registro e di bollo.<br \/>\nGrazie a questo decreto, \u00e8 infatti possibile procedere solo registrando una scrittura privata. L&#8217;esenzione vale in tutti i casi di riduzione del canone, che sia per l&#8217;intera durata contrattuale o anche solo per un anno.<\/p>\n","protected":false},"excerpt":{"rendered":"<p>La registrazione contratto di locazione \u00e8 obbligatoria, indipendentemente dal canone pattuito tra proprietario e locatore. C&#8217;\u00e8 solo un caso in cui la registrazione non \u00e8 obbligatoria, ed \u00e8 quando il contratto non supera i 30 giorni complessivi.<\/p>\n","protected":false},"author":3,"featured_media":0,"comment_status":"open","ping_status":"open","sticky":false,"template":"","format":"standard","meta":{"footnotes":""},"categories":[42],"tags":[6],"class_list":["post-450","post","type-post","status-publish","format-standard","hentry","category-aspetti-fiscali","tag-contratto-di-locazione"],"yoast_head":"<!-- This site is optimized with the Yoast SEO plugin v27.5 - https:\/\/yoast.com\/product\/yoast-seo-wordpress\/ -->\n<title>Registrazione contratto di locazione: le risposte alle 5 domande pi\u00f9 frequenti<\/title>\n<meta name=\"description\" content=\"Registrazione contratto di locazione: dove si registra il contratto? quanto costa e come si deve pagare? cosa fare se il proprietario decide di...\" \/>\n<meta name=\"robots\" content=\"index, follow, max-snippet:-1, max-image-preview:large, max-video-preview:-1\" \/>\n<link rel=\"canonical\" href=\"https:\/\/www.rentila.it\/blog\/2017\/02\/12\/registrazione-contratto-di-locazione-le-risposte-alle-5-domande-piu-frequenti\/\" \/>\n<meta property=\"og:locale\" content=\"it_IT\" \/>\n<meta property=\"og:type\" content=\"article\" \/>\n<meta property=\"og:title\" content=\"Registrazione contratto di locazione: le risposte alle 5 domande pi\u00f9 frequenti\" \/>\n<meta property=\"og:description\" content=\"Registrazione contratto di locazione: dove si registra il contratto? quanto costa e come si deve pagare? cosa fare se il proprietario decide di...\" \/>\n<meta property=\"og:url\" content=\"https:\/\/www.rentila.it\/blog\/2017\/02\/12\/registrazione-contratto-di-locazione-le-risposte-alle-5-domande-piu-frequenti\/\" \/>\n<meta property=\"og:site_name\" content=\"Rentila Italia - Blog Immobiliare, gestione della propriet\u00e0 immobiliare\" \/>\n<meta property=\"article:publisher\" content=\"https:\/\/www.facebook.com\/rentilait\/\" \/>\n<meta property=\"article:published_time\" content=\"2017-02-12T23:05:31+00:00\" \/>\n<meta property=\"article:modified_time\" content=\"2025-11-04T14:32:43+00:00\" \/>\n<meta name=\"author\" content=\"Gaia Gasparetto\" \/>\n<meta name=\"twitter:card\" content=\"summary_large_image\" \/>\n<meta name=\"twitter:label1\" content=\"Scritto da\" \/>\n\t<meta name=\"twitter:data1\" content=\"Gaia Gasparetto\" \/>\n\t<meta name=\"twitter:label2\" content=\"Tempo di lettura stimato\" \/>\n\t<meta name=\"twitter:data2\" content=\"5 minuti\" \/>\n<script type=\"application\/ld+json\" class=\"yoast-schema-graph\">{\"@context\":\"https:\\\/\\\/schema.org\",\"@graph\":[{\"@type\":\"Article\",\"@id\":\"https:\\\/\\\/www.rentila.it\\\/blog\\\/2017\\\/02\\\/12\\\/registrazione-contratto-di-locazione-le-risposte-alle-5-domande-piu-frequenti\\\/#article\",\"isPartOf\":{\"@id\":\"https:\\\/\\\/www.rentila.it\\\/blog\\\/2017\\\/02\\\/12\\\/registrazione-contratto-di-locazione-le-risposte-alle-5-domande-piu-frequenti\\\/\"},\"author\":{\"name\":\"Gaia Gasparetto\",\"@id\":\"https:\\\/\\\/www.rentila.it\\\/blog\\\/#\\\/schema\\\/person\\\/b2049cc31506565ece718dfb13da70c2\"},\"headline\":\"Registrazione contratto di locazione: le risposte alle 5 domande pi\u00f9 frequenti\",\"datePublished\":\"2017-02-12T23:05:31+00:00\",\"dateModified\":\"2025-11-04T14:32:43+00:00\",\"mainEntityOfPage\":{\"@id\":\"https:\\\/\\\/www.rentila.it\\\/blog\\\/2017\\\/02\\\/12\\\/registrazione-contratto-di-locazione-le-risposte-alle-5-domande-piu-frequenti\\\/\"},\"wordCount\":727,\"commentCount\":0,\"publisher\":{\"@id\":\"https:\\\/\\\/www.rentila.it\\\/blog\\\/#organization\"},\"image\":{\"@id\":\"https:\\\/\\\/www.rentila.it\\\/blog\\\/2017\\\/02\\\/12\\\/registrazione-contratto-di-locazione-le-risposte-alle-5-domande-piu-frequenti\\\/#primaryimage\"},\"thumbnailUrl\":\"https:\\\/\\\/www.rentila.it\\\/assets\\\/img\\\/blog\\\/blog_contract.png\",\"keywords\":[\"Contratto di locazione\"],\"articleSection\":[\"Aspetti fiscali\"],\"inLanguage\":\"it-IT\"},{\"@type\":\"WebPage\",\"@id\":\"https:\\\/\\\/www.rentila.it\\\/blog\\\/2017\\\/02\\\/12\\\/registrazione-contratto-di-locazione-le-risposte-alle-5-domande-piu-frequenti\\\/\",\"url\":\"https:\\\/\\\/www.rentila.it\\\/blog\\\/2017\\\/02\\\/12\\\/registrazione-contratto-di-locazione-le-risposte-alle-5-domande-piu-frequenti\\\/\",\"name\":\"Registrazione contratto di locazione: le risposte alle 5 domande pi\u00f9 frequenti\",\"isPartOf\":{\"@id\":\"https:\\\/\\\/www.rentila.it\\\/blog\\\/#website\"},\"primaryImageOfPage\":{\"@id\":\"https:\\\/\\\/www.rentila.it\\\/blog\\\/2017\\\/02\\\/12\\\/registrazione-contratto-di-locazione-le-risposte-alle-5-domande-piu-frequenti\\\/#primaryimage\"},\"image\":{\"@id\":\"https:\\\/\\\/www.rentila.it\\\/blog\\\/2017\\\/02\\\/12\\\/registrazione-contratto-di-locazione-le-risposte-alle-5-domande-piu-frequenti\\\/#primaryimage\"},\"thumbnailUrl\":\"https:\\\/\\\/www.rentila.it\\\/assets\\\/img\\\/blog\\\/blog_contract.png\",\"datePublished\":\"2017-02-12T23:05:31+00:00\",\"dateModified\":\"2025-11-04T14:32:43+00:00\",\"description\":\"Registrazione contratto di locazione: dove si registra il contratto? quanto costa e come si deve pagare? cosa fare se il proprietario decide di...\",\"breadcrumb\":{\"@id\":\"https:\\\/\\\/www.rentila.it\\\/blog\\\/2017\\\/02\\\/12\\\/registrazione-contratto-di-locazione-le-risposte-alle-5-domande-piu-frequenti\\\/#breadcrumb\"},\"inLanguage\":\"it-IT\",\"potentialAction\":[{\"@type\":\"ReadAction\",\"target\":[\"https:\\\/\\\/www.rentila.it\\\/blog\\\/2017\\\/02\\\/12\\\/registrazione-contratto-di-locazione-le-risposte-alle-5-domande-piu-frequenti\\\/\"]}]},{\"@type\":\"ImageObject\",\"inLanguage\":\"it-IT\",\"@id\":\"https:\\\/\\\/www.rentila.it\\\/blog\\\/2017\\\/02\\\/12\\\/registrazione-contratto-di-locazione-le-risposte-alle-5-domande-piu-frequenti\\\/#primaryimage\",\"url\":\"https:\\\/\\\/www.rentila.it\\\/assets\\\/img\\\/blog\\\/blog_contract.png\",\"contentUrl\":\"https:\\\/\\\/www.rentila.it\\\/assets\\\/img\\\/blog\\\/blog_contract.png\"},{\"@type\":\"BreadcrumbList\",\"@id\":\"https:\\\/\\\/www.rentila.it\\\/blog\\\/2017\\\/02\\\/12\\\/registrazione-contratto-di-locazione-le-risposte-alle-5-domande-piu-frequenti\\\/#breadcrumb\",\"itemListElement\":[{\"@type\":\"ListItem\",\"position\":1,\"name\":\"Home\",\"item\":\"https:\\\/\\\/www.rentila.it\\\/blog\\\/\"},{\"@type\":\"ListItem\",\"position\":2,\"name\":\"Registrazione contratto di locazione: le risposte alle 5 domande pi\u00f9 frequenti\"}]},{\"@type\":\"WebSite\",\"@id\":\"https:\\\/\\\/www.rentila.it\\\/blog\\\/#website\",\"url\":\"https:\\\/\\\/www.rentila.it\\\/blog\\\/\",\"name\":\"Rentila Italia - Blog Immobiliare, gestione della propriet\u00e0 immobiliare\",\"description\":\"\",\"publisher\":{\"@id\":\"https:\\\/\\\/www.rentila.it\\\/blog\\\/#organization\"},\"potentialAction\":[{\"@type\":\"SearchAction\",\"target\":{\"@type\":\"EntryPoint\",\"urlTemplate\":\"https:\\\/\\\/www.rentila.it\\\/blog\\\/?s={search_term_string}\"},\"query-input\":{\"@type\":\"PropertyValueSpecification\",\"valueRequired\":true,\"valueName\":\"search_term_string\"}}],\"inLanguage\":\"it-IT\"},{\"@type\":\"Organization\",\"@id\":\"https:\\\/\\\/www.rentila.it\\\/blog\\\/#organization\",\"name\":\"Rentila Italia\",\"url\":\"https:\\\/\\\/www.rentila.it\\\/blog\\\/\",\"logo\":{\"@type\":\"ImageObject\",\"inLanguage\":\"it-IT\",\"@id\":\"https:\\\/\\\/www.rentila.it\\\/blog\\\/#\\\/schema\\\/logo\\\/image\\\/\",\"url\":\"https:\\\/\\\/www.rentila.it\\\/blog\\\/wp-content\\\/uploads\\\/2016\\\/04\\\/logo_house_256px.jpg\",\"contentUrl\":\"https:\\\/\\\/www.rentila.it\\\/blog\\\/wp-content\\\/uploads\\\/2016\\\/04\\\/logo_house_256px.jpg\",\"width\":256,\"height\":256,\"caption\":\"Rentila Italia\"},\"image\":{\"@id\":\"https:\\\/\\\/www.rentila.it\\\/blog\\\/#\\\/schema\\\/logo\\\/image\\\/\"},\"sameAs\":[\"https:\\\/\\\/www.facebook.com\\\/rentilait\\\/\"]},{\"@type\":\"Person\",\"@id\":\"https:\\\/\\\/www.rentila.it\\\/blog\\\/#\\\/schema\\\/person\\\/b2049cc31506565ece718dfb13da70c2\",\"name\":\"Gaia Gasparetto\",\"image\":{\"@type\":\"ImageObject\",\"inLanguage\":\"it-IT\",\"@id\":\"https:\\\/\\\/secure.gravatar.com\\\/avatar\\\/9731adb8dcceef64952cf45037fba17fe8ec3f6a0ba640fb18678e50e42440a8?s=96&d=mm&r=g\",\"url\":\"https:\\\/\\\/secure.gravatar.com\\\/avatar\\\/9731adb8dcceef64952cf45037fba17fe8ec3f6a0ba640fb18678e50e42440a8?s=96&d=mm&r=g\",\"contentUrl\":\"https:\\\/\\\/secure.gravatar.com\\\/avatar\\\/9731adb8dcceef64952cf45037fba17fe8ec3f6a0ba640fb18678e50e42440a8?s=96&d=mm&r=g\",\"caption\":\"Gaia Gasparetto\"},\"sameAs\":[\"https:\\\/\\\/www.linkedin.com\\\/in\\\/gaiagasparetto\\\/\"]}]}<\/script>\n<!-- \/ Yoast SEO plugin. -->","yoast_head_json":{"title":"Registrazione contratto di locazione: le risposte alle 5 domande pi\u00f9 frequenti","description":"Registrazione contratto di locazione: dove si registra il contratto? quanto costa e come si deve pagare? cosa fare se il proprietario decide di...","robots":{"index":"index","follow":"follow","max-snippet":"max-snippet:-1","max-image-preview":"max-image-preview:large","max-video-preview":"max-video-preview:-1"},"canonical":"https:\/\/www.rentila.it\/blog\/2017\/02\/12\/registrazione-contratto-di-locazione-le-risposte-alle-5-domande-piu-frequenti\/","og_locale":"it_IT","og_type":"article","og_title":"Registrazione contratto di locazione: le risposte alle 5 domande pi\u00f9 frequenti","og_description":"Registrazione contratto di locazione: dove si registra il contratto? quanto costa e come si deve pagare? cosa fare se il proprietario decide di...","og_url":"https:\/\/www.rentila.it\/blog\/2017\/02\/12\/registrazione-contratto-di-locazione-le-risposte-alle-5-domande-piu-frequenti\/","og_site_name":"Rentila Italia - Blog Immobiliare, gestione della propriet\u00e0 immobiliare","article_publisher":"https:\/\/www.facebook.com\/rentilait\/","article_published_time":"2017-02-12T23:05:31+00:00","article_modified_time":"2025-11-04T14:32:43+00:00","author":"Gaia Gasparetto","twitter_card":"summary_large_image","twitter_misc":{"Scritto da":"Gaia Gasparetto","Tempo di lettura stimato":"5 minuti"},"schema":{"@context":"https:\/\/schema.org","@graph":[{"@type":"Article","@id":"https:\/\/www.rentila.it\/blog\/2017\/02\/12\/registrazione-contratto-di-locazione-le-risposte-alle-5-domande-piu-frequenti\/#article","isPartOf":{"@id":"https:\/\/www.rentila.it\/blog\/2017\/02\/12\/registrazione-contratto-di-locazione-le-risposte-alle-5-domande-piu-frequenti\/"},"author":{"name":"Gaia Gasparetto","@id":"https:\/\/www.rentila.it\/blog\/#\/schema\/person\/b2049cc31506565ece718dfb13da70c2"},"headline":"Registrazione contratto di locazione: le risposte alle 5 domande pi\u00f9 frequenti","datePublished":"2017-02-12T23:05:31+00:00","dateModified":"2025-11-04T14:32:43+00:00","mainEntityOfPage":{"@id":"https:\/\/www.rentila.it\/blog\/2017\/02\/12\/registrazione-contratto-di-locazione-le-risposte-alle-5-domande-piu-frequenti\/"},"wordCount":727,"commentCount":0,"publisher":{"@id":"https:\/\/www.rentila.it\/blog\/#organization"},"image":{"@id":"https:\/\/www.rentila.it\/blog\/2017\/02\/12\/registrazione-contratto-di-locazione-le-risposte-alle-5-domande-piu-frequenti\/#primaryimage"},"thumbnailUrl":"https:\/\/www.rentila.it\/assets\/img\/blog\/blog_contract.png","keywords":["Contratto di locazione"],"articleSection":["Aspetti fiscali"],"inLanguage":"it-IT"},{"@type":"WebPage","@id":"https:\/\/www.rentila.it\/blog\/2017\/02\/12\/registrazione-contratto-di-locazione-le-risposte-alle-5-domande-piu-frequenti\/","url":"https:\/\/www.rentila.it\/blog\/2017\/02\/12\/registrazione-contratto-di-locazione-le-risposte-alle-5-domande-piu-frequenti\/","name":"Registrazione contratto di locazione: le risposte alle 5 domande pi\u00f9 frequenti","isPartOf":{"@id":"https:\/\/www.rentila.it\/blog\/#website"},"primaryImageOfPage":{"@id":"https:\/\/www.rentila.it\/blog\/2017\/02\/12\/registrazione-contratto-di-locazione-le-risposte-alle-5-domande-piu-frequenti\/#primaryimage"},"image":{"@id":"https:\/\/www.rentila.it\/blog\/2017\/02\/12\/registrazione-contratto-di-locazione-le-risposte-alle-5-domande-piu-frequenti\/#primaryimage"},"thumbnailUrl":"https:\/\/www.rentila.it\/assets\/img\/blog\/blog_contract.png","datePublished":"2017-02-12T23:05:31+00:00","dateModified":"2025-11-04T14:32:43+00:00","description":"Registrazione contratto di locazione: dove si registra il contratto? quanto costa e come si deve pagare? cosa fare se il proprietario decide di...","breadcrumb":{"@id":"https:\/\/www.rentila.it\/blog\/2017\/02\/12\/registrazione-contratto-di-locazione-le-risposte-alle-5-domande-piu-frequenti\/#breadcrumb"},"inLanguage":"it-IT","potentialAction":[{"@type":"ReadAction","target":["https:\/\/www.rentila.it\/blog\/2017\/02\/12\/registrazione-contratto-di-locazione-le-risposte-alle-5-domande-piu-frequenti\/"]}]},{"@type":"ImageObject","inLanguage":"it-IT","@id":"https:\/\/www.rentila.it\/blog\/2017\/02\/12\/registrazione-contratto-di-locazione-le-risposte-alle-5-domande-piu-frequenti\/#primaryimage","url":"https:\/\/www.rentila.it\/assets\/img\/blog\/blog_contract.png","contentUrl":"https:\/\/www.rentila.it\/assets\/img\/blog\/blog_contract.png"},{"@type":"BreadcrumbList","@id":"https:\/\/www.rentila.it\/blog\/2017\/02\/12\/registrazione-contratto-di-locazione-le-risposte-alle-5-domande-piu-frequenti\/#breadcrumb","itemListElement":[{"@type":"ListItem","position":1,"name":"Home","item":"https:\/\/www.rentila.it\/blog\/"},{"@type":"ListItem","position":2,"name":"Registrazione contratto di locazione: le risposte alle 5 domande pi\u00f9 frequenti"}]},{"@type":"WebSite","@id":"https:\/\/www.rentila.it\/blog\/#website","url":"https:\/\/www.rentila.it\/blog\/","name":"Rentila Italia - Blog Immobiliare, gestione della propriet\u00e0 immobiliare","description":"","publisher":{"@id":"https:\/\/www.rentila.it\/blog\/#organization"},"potentialAction":[{"@type":"SearchAction","target":{"@type":"EntryPoint","urlTemplate":"https:\/\/www.rentila.it\/blog\/?s={search_term_string}"},"query-input":{"@type":"PropertyValueSpecification","valueRequired":true,"valueName":"search_term_string"}}],"inLanguage":"it-IT"},{"@type":"Organization","@id":"https:\/\/www.rentila.it\/blog\/#organization","name":"Rentila Italia","url":"https:\/\/www.rentila.it\/blog\/","logo":{"@type":"ImageObject","inLanguage":"it-IT","@id":"https:\/\/www.rentila.it\/blog\/#\/schema\/logo\/image\/","url":"https:\/\/www.rentila.it\/blog\/wp-content\/uploads\/2016\/04\/logo_house_256px.jpg","contentUrl":"https:\/\/www.rentila.it\/blog\/wp-content\/uploads\/2016\/04\/logo_house_256px.jpg","width":256,"height":256,"caption":"Rentila Italia"},"image":{"@id":"https:\/\/www.rentila.it\/blog\/#\/schema\/logo\/image\/"},"sameAs":["https:\/\/www.facebook.com\/rentilait\/"]},{"@type":"Person","@id":"https:\/\/www.rentila.it\/blog\/#\/schema\/person\/b2049cc31506565ece718dfb13da70c2","name":"Gaia Gasparetto","image":{"@type":"ImageObject","inLanguage":"it-IT","@id":"https:\/\/secure.gravatar.com\/avatar\/9731adb8dcceef64952cf45037fba17fe8ec3f6a0ba640fb18678e50e42440a8?s=96&d=mm&r=g","url":"https:\/\/secure.gravatar.com\/avatar\/9731adb8dcceef64952cf45037fba17fe8ec3f6a0ba640fb18678e50e42440a8?s=96&d=mm&r=g","contentUrl":"https:\/\/secure.gravatar.com\/avatar\/9731adb8dcceef64952cf45037fba17fe8ec3f6a0ba640fb18678e50e42440a8?s=96&d=mm&r=g","caption":"Gaia Gasparetto"},"sameAs":["https:\/\/www.linkedin.com\/in\/gaiagasparetto\/"]}]}},"_links":{"self":[{"href":"https:\/\/www.rentila.it\/blog\/wp-json\/wp\/v2\/posts\/450","targetHints":{"allow":["GET"]}}],"collection":[{"href":"https:\/\/www.rentila.it\/blog\/wp-json\/wp\/v2\/posts"}],"about":[{"href":"https:\/\/www.rentila.it\/blog\/wp-json\/wp\/v2\/types\/post"}],"author":[{"embeddable":true,"href":"https:\/\/www.rentila.it\/blog\/wp-json\/wp\/v2\/users\/3"}],"replies":[{"embeddable":true,"href":"https:\/\/www.rentila.it\/blog\/wp-json\/wp\/v2\/comments?post=450"}],"version-history":[{"count":10,"href":"https:\/\/www.rentila.it\/blog\/wp-json\/wp\/v2\/posts\/450\/revisions"}],"predecessor-version":[{"id":7165,"href":"https:\/\/www.rentila.it\/blog\/wp-json\/wp\/v2\/posts\/450\/revisions\/7165"}],"wp:attachment":[{"href":"https:\/\/www.rentila.it\/blog\/wp-json\/wp\/v2\/media?parent=450"}],"wp:term":[{"taxonomy":"category","embeddable":true,"href":"https:\/\/www.rentila.it\/blog\/wp-json\/wp\/v2\/categories?post=450"},{"taxonomy":"post_tag","embeddable":true,"href":"https:\/\/www.rentila.it\/blog\/wp-json\/wp\/v2\/tags?post=450"}],"curies":[{"name":"wp","href":"https:\/\/api.w.org\/{rel}","templated":true}]}}