{"id":381,"date":"2016-12-28T10:57:04","date_gmt":"2016-12-28T10:57:04","guid":{"rendered":"https:\/\/rentila.it\/blog\/?p=381"},"modified":"2025-11-04T14:53:18","modified_gmt":"2025-11-04T14:53:18","slug":"pagamento-del-canone-locazione","status":"publish","type":"post","link":"https:\/\/www.rentila.it\/blog\/2016\/12\/28\/pagamento-del-canone-locazione\/","title":{"rendered":"Problemi e controversie tra proprietario e inquilino: pagamento del canone locazione"},"content":{"rendered":"<div><img decoding=\"async\" class=\"alignleft size-full wp-image-516\" title=\"newspaper\" src=\"https:\/\/www.rentila.it\/assets\/img\/blog\/blog_problems.png\" alt=\"Guida per i proprietari su come gestire efficacemente i ritardi nei pagamenti dell'affitto\" \/><\/div>\n<p class=\"lead\">L\u2019affitto di case a volte crea problemi e controversie tra il proprietario e l&#8217;inquilino. Le cause di disaccordo sono molteplici: l&#8217;esistenza di un difetto nascosto, la carenza dei lavori di manutenzione, l\u2019aumento del canone di locazione e molti altri. Tuttavia, il mancato pagamento del canone locazione spesso rimane la fonte principale dei problema. Che cosa succede se l\u2019inquilino non paga l\u2019affitto e nasce cos\u00ec un contenzioso?<\/p>\n<p><!--more--><\/p>\n<h2>Affitto casa: come funziona il pagamento del canone locazione<\/h2>\n<p>Una guida pratica e veloce per sapere come funziona il pagamento del canone locazione, per la tua casa in affitto.<\/p>\n<p>Iniziamo specificando che <strong>l\u2019importo del canone di locazione non \u00e8 una cifra fissa<\/strong>, ma dipende dalle singole tipologie di contratto. Nella maggior parte dei casi \u00e8 deciso liberamente tra il proprietario e l\u2019inquilino, sulla base dei comuni prezzi di mercato.<\/p>\n<p>C\u2019\u00e8 solo un\u2019eccezione e riguarda i contratti di tipo convenzionato (canone convenzionato, transitori e transitori per studenti). Tale tipologia di canone non pu\u00f2 infatti essere concordato liberamente, ma deve rientrare all\u2019interno di alcune fasce previste nelle convenzioni locali.<br \/>\n<!--more--><\/p>\n<p>L&#8217;importo del canone di locazione generalmente non varia nel tempo. Ad esempio si concordano 700\u20ac al mese, e l\u2019inquilino dovr\u00e0 versare questa cifra fino alla scadenza del contratto. Tuttavia pu\u00f2 succedere che nel contratto di affitto si stabilisca fin da subito che questa cifra aumenti anno in anno. O addirittura in corso d\u2019anno.<br \/>\nQuesto avviene spesso nel caso di contratti di locazione ad uso diverso dall\u2019abitativo, dove il proprietario pu\u00f2 concedere al conduttore di pagare un importo pi\u00f9 basso. Ad esempio per i primi mesi o per il primo anno di locazione, per avviare la propria attivit\u00e0.<br \/>\nTale clausola \u00e8 esplicitata all\u2019interno del contratto. Se al contrario non viene specificata, <strong>il proprietario non pu\u00f2 per legge aumentare il canone di locazione<\/strong> per esempio al terzo anno di affitto. Per aumentare il canone dovr\u00e0 attendere la naturale scadenza del contratto, e proporre un nuovo contratto a nuove condizioni. <\/p>\n<h2>Affitto casa: quando pagare il canone di locazione<\/h2>\n<p>La cadenza con cui bisogna corrispondere l\u2019importo dell\u2019affitto varia a seconda del tipo di contratto, e degli accordi presi tra proprietario e inquilino. Ad esempio si pu\u00f2 optare per un versamento con cadenza mensile, bimestrale, trimestrale, semestrale o addirittura annuale. Nella prassi comune tuttavia il pagamento del canone locazione da parte dell\u2019inquilino avviene mensilmente.<\/p>\n<h2>Affitto in contanti 2017: ecco come si pu\u00f2 pagare<\/h2>\n<p>Dal 2016, grazie alla legge di Stabilit\u00e0, <strong>il limite per utilizzare i contanti si alza da 1.000 a 3.000 euro.<\/strong> Il pagamento canone locazione pu\u00f2 quindi avvenire in contanti, se l\u2019importo \u00e8 compreso tra 1.000 e 2.999,99 Euro. <\/p>\n<p>Se l\u2019importo supera i 3.000 Euro \u00e8 necessario versare la somma tramite:<\/p>\n<p>\u2022\tbonifico bancario<br \/>\n\u2022\tassegno non trasferibile<br \/>\n\u2022\tcarta di credito o bancomat. <\/p>\n<p>La soglia limite di pagamento in contanti riguarda i contratti di locazione destinati ad uso abitativo includendo l\u2019affitto di box auto, garage o cantine, considerati pertinenze dell\u2019abitazione.<\/p>\n<p>Indipendentemente da come avvenga il pagamento (bonifico, contanti nel limite di 3000\u20ac, assegno ecc) il proprietario, a richiesta dell\u2019inquilino, deve rilasciare una ricevuta di pagamento assoggettata ad imposta di bollo di \u20ac 2,00.<br \/>\nInoltre per il proprietario la ricevuta \u00e8 fondamentale per usufruire delle agevolazioni fiscali connesse al contratto.<\/p>\n<p>\u00c8 sufficiente scrivere: \u201c<em>Con la presente attesto che in data \u2026.., il Sig. \u2026\u2026\u2026 ha provveduto al pagamento del canone di locazione del mese di \u2026\u2026\u2026\u2026, relativo all\u2019immobile posto in \u2026\u2026<\/em>\u201d Data e firma.<\/p>\n<h2>Affitto casa: aggiornamento del canone di locazione<\/h2>\n<p>L\u2019aggiornamento del canone di locazione ricalcola periodicamente, di solito ogni anno, l\u2019ammontare del canone di locazione, e lo aumenta in base alla variazione dell\u2019indice ISTAT dei prezzi al consumo per famiglie di operai ed impiegati.<\/p>\n<p>Anche questa, come la variazione del canone nel tempo, \u00e8 una clausola che pu\u00f2 essere inserita all\u2019interno del contratto di affitto, in accordo tra le parti:<\/p>\n<p>\u2022\tse nel contratto si inserisce tale clausola, il proprietario non potr\u00e0 richiedere all\u2019inquilino una variazione dell\u2019affitto;<br \/>\n\u2022\tse la clausola di aggiornamento del canone \u00e8 invece presente, l\u2019inquilino non potr\u00e0 opporsi all\u2019aggiornamento periodico, purch\u00e8 esso avvenga nei modi soecificati nel contratto di affitto;<br \/>\n\u2022\tl\u2019opzione per la cedolare secca non permette di procedere ad aggiornamenti del canone di locazione.<\/p>\n<p>L\u2019aggiornamento del canone pu\u00f2 avvenire anche fino al 100% della variazione dei prezzi di consumo, consultabili in Gazzetta Ufficiale.<\/p>\n<h2>Come effettuare il calcolo dell\u2019aggiornamento del canone Istat: esempio pratico<\/h2>\n<p>Ipotizziamo che l\u2019affitto casa sia di 700\u20ac al mese.<\/p>\n<p>\u2022\tSi moltiplica 700 x 12 per ottenere il canone annuo: 8.400\u20ac<br \/>\n\u2022\tIpotizziamo una variazione percentuale rispetto all\u2019anno precedente del 0,3%<br \/>\n\u2022\tSi moltiplica il canone annuo per la variazione percentuale (8.400 x 0,3 = 25,20\u20ac)<br \/>\n\u2022\tSi divide il risultato ottenuto per il numero di mesi in un anno (25,20: 12 = 2,1\u20ac)<br \/>\n\u2022\tDal mese successivo a questo calcolo, il nuovo canone che l\u2019inquilino dovr\u00e0 corrispondere sar\u00e0 pari a 700+2,1 = 702,1\u20ac<\/p>\n<p>Una volta individuato l\u2019importo, il proprietario dovr\u00e0 inviare all\u2019inquilino una lettera per comunicargli il nuovo canone di locazione.<\/p>\n<p>Se tutte queste operazioni ti portano via troppo tempo, affidati gratuitamente a <a href=\"http:\/\/www.rentila.it\" target=\"_blank\">Rentila<\/a>. Registrando la tua propriet\u00e0 il sito calcoler\u00e0 automaticamente per te la rivalutazione annuale ISTAT del canone di locazione, l\u2019imposta di registro, tasse locali ecc. <a href=\"https:\/\/www.rentila.it\/register\" target=\"_blank\">PROVA SUBITO<\/a><\/p>\n<h2>Mancato pagamento del canone locazione: cosa fare<\/h2>\n<p>In caso di mancato pagamento del canone locazione si parla di <strong>morosit\u00e0<\/strong>. Su questo argomento interviene l\u2019art. 5 della Legge 392\/1978, specificando che l\u2019inquilino si considera moroso se: <\/p>\n<p>\u2022\tritarda il pagamento di oltre 20 giorni;<br \/>\n\u2022\tper un importo almeno pari a due mensilit\u00e0 di canone. <\/p>\n<p>In questi casi il proprietario pu\u00f2 iniziare una procedura di sfratto per morosit\u00e0, e ottenere la risoluzione del contratto di locazione. <\/p>\n<p><strong>ATTENZIONE!!!!<\/strong>: \u00e8 possibile richiedere la risoluzione del contratto di locazione SOLO se trascorsi 20 giorni dal termine del pagamento del canone di locazione. Se sono trascorsi meno di 20 giorni, il proprietario pu\u00f2 inviare una raccomandata di sollecito all\u2019inquilino.<\/p>\n<p>La propria intenzione va comunicata all\u2019inquilino tramite lettera raccomandata di sollecito.<\/p>\n<p>Una volta ricevuta la raccomandata, l\u2019inquilino pu\u00f2 interrompere la procedura di risoluzione pagando quanto dovuto, ed evitando cos\u00ec di lasciare la casa in affitto. <strong>Oltre al canone di affitto, l\u2019inquilino dovr\u00e0 pagare gli interessi legali delle spese processuali.<\/strong><\/p>\n<p><a href=\"http:\/\/www.ilsole24ore.com\/art\/SoleOnLine4\/Speciali\/2006\/guida_professionisti\/16febbraio%202006\/L_392_1978.pdf?cmd%3Dart\" target=\"_blank\">L\u2019art.55, Legge n.392\/1978<\/a>, specifica inoltre che la morosit\u00e0 pu\u00f2 essere risolta in sede giudiziale, per non pi\u00f9 di tre volte in un quadriennio. Il pagamento canone locazione deve avvenire entro 90 giorni.<\/p>\n<p>Se, per\u00f2, il mancato pagamento deriva da:<br \/>\n\u2022\tmalattia<br \/>\n\u2022\timprovvisa perdita del lavoro, e relativa disoccupazione<br \/>\n\u2022\tgravi condizioni di difficolt\u00e0<\/p>\n<p>l\u2019inquilino ha la possibilit\u00e0 di risolvere la morosit\u00e0 in prima udienza, per non pi\u00f9 di 4 volte in 4 anni. Viene quindi offerta una possibilit\u00e0 in pi\u00f9, oltre al prolungamento del termine del pagamento a 120 giorni.<\/p>\n<h2>Un aiuto concreto per te, proprietario<\/h2>\n<p>Basta fare tutto da solo, affidati a Rentila! Per te proprietario privato, Rentila mette a disposizione documenti redatti da avvocati, e la possibilit\u00e0 di tracciare tutte le tue finanze. Ma non solo. Ti calcoler\u00e0 automaticamente la rivalutazione annuale ISTAT, potrai gestire lavori e manutenzioni e generare un bilancio per la tua dichiarazione dei redditi. Non basta tutto questo? Allora crea ricevute elettroniche e d\u00ec finalmente addio alle montagne di carta sulla tua scrivania! Calcola automaticamente la ripartizione delle spese accessorie, e digitalizza tutti i documenti.<\/p>\n<p>Vuoi scoprire come cambier\u00e0 definitivamente la tua vita da locatore? clicca nel link sottostante e buon tempo libero!<\/p>\n","protected":false},"excerpt":{"rendered":"<p>L\u2019affitto di case a volte crea problemi e controversie tra il proprietario e l&#8217;inquilino. Le cause di disaccordo sono molteplici: l&#8217;esistenza di un difetto nascosto, la carenza dei lavori di manutenzione, l\u2019aumento del canone di locazione e molti altri. Tuttavia, il mancato pagamento del canone locazione spesso rimane la fonte principale dei problema. Che cosa [&hellip;]<\/p>\n","protected":false},"author":3,"featured_media":0,"comment_status":"open","ping_status":"open","sticky":false,"template":"","format":"standard","meta":{"footnotes":""},"categories":[2],"tags":[36,34,35],"class_list":["post-381","post","type-post","status-publish","format-standard","hentry","category-note-legali","tag-affitto-casa","tag-pagamento-canone-locazione","tag-problemi-proprietario-inquilino"],"yoast_head":"<!-- This site is optimized with the Yoast SEO plugin v27.5 - https:\/\/yoast.com\/product\/yoast-seo-wordpress\/ -->\n<title>Problemi tra proprietario e inquilino: pagamento del canone locazione<\/title>\n<meta name=\"description\" content=\"Il mancato pagamento del canone locazione \u00e8 spesso il problema principale tra proprietario e inquilino. Tutti i passaggi per risolvere le controversie.\" \/>\n<meta name=\"robots\" content=\"index, follow, max-snippet:-1, max-image-preview:large, max-video-preview:-1\" \/>\n<link rel=\"canonical\" href=\"https:\/\/www.rentila.it\/blog\/2016\/12\/28\/pagamento-del-canone-locazione\/\" \/>\n<meta property=\"og:locale\" content=\"it_IT\" \/>\n<meta property=\"og:type\" content=\"article\" \/>\n<meta property=\"og:title\" content=\"Problemi tra proprietario e inquilino: pagamento del canone locazione\" \/>\n<meta property=\"og:description\" content=\"Il mancato pagamento del canone locazione \u00e8 spesso il problema principale tra proprietario e inquilino. Tutti i passaggi per risolvere le controversie.\" \/>\n<meta property=\"og:url\" content=\"https:\/\/www.rentila.it\/blog\/2016\/12\/28\/pagamento-del-canone-locazione\/\" \/>\n<meta property=\"og:site_name\" content=\"Rentila Italia - Blog Immobiliare, gestione della propriet\u00e0 immobiliare\" \/>\n<meta property=\"article:publisher\" content=\"https:\/\/www.facebook.com\/rentilait\/\" \/>\n<meta property=\"article:published_time\" content=\"2016-12-28T10:57:04+00:00\" \/>\n<meta property=\"article:modified_time\" content=\"2025-11-04T14:53:18+00:00\" \/>\n<meta name=\"author\" content=\"Gaia Gasparetto\" \/>\n<meta name=\"twitter:card\" content=\"summary_large_image\" \/>\n<meta name=\"twitter:label1\" content=\"Scritto da\" \/>\n\t<meta name=\"twitter:data1\" content=\"Gaia Gasparetto\" \/>\n\t<meta name=\"twitter:label2\" content=\"Tempo di lettura stimato\" \/>\n\t<meta name=\"twitter:data2\" content=\"7 minuti\" \/>\n<script type=\"application\/ld+json\" class=\"yoast-schema-graph\">{\"@context\":\"https:\\\/\\\/schema.org\",\"@graph\":[{\"@type\":\"Article\",\"@id\":\"https:\\\/\\\/www.rentila.it\\\/blog\\\/2016\\\/12\\\/28\\\/pagamento-del-canone-locazione\\\/#article\",\"isPartOf\":{\"@id\":\"https:\\\/\\\/www.rentila.it\\\/blog\\\/2016\\\/12\\\/28\\\/pagamento-del-canone-locazione\\\/\"},\"author\":{\"name\":\"Gaia Gasparetto\",\"@id\":\"https:\\\/\\\/www.rentila.it\\\/blog\\\/#\\\/schema\\\/person\\\/b2049cc31506565ece718dfb13da70c2\"},\"headline\":\"Problemi e controversie tra proprietario e inquilino: pagamento del canone locazione\",\"datePublished\":\"2016-12-28T10:57:04+00:00\",\"dateModified\":\"2025-11-04T14:53:18+00:00\",\"mainEntityOfPage\":{\"@id\":\"https:\\\/\\\/www.rentila.it\\\/blog\\\/2016\\\/12\\\/28\\\/pagamento-del-canone-locazione\\\/\"},\"wordCount\":1215,\"commentCount\":0,\"publisher\":{\"@id\":\"https:\\\/\\\/www.rentila.it\\\/blog\\\/#organization\"},\"image\":{\"@id\":\"https:\\\/\\\/www.rentila.it\\\/blog\\\/2016\\\/12\\\/28\\\/pagamento-del-canone-locazione\\\/#primaryimage\"},\"thumbnailUrl\":\"https:\\\/\\\/www.rentila.it\\\/assets\\\/img\\\/blog\\\/blog_problems.png\",\"keywords\":[\"affitto casa\",\"pagamento canone locazione\",\"problemi proprietario inquilino\"],\"articleSection\":[\"Note legali\"],\"inLanguage\":\"it-IT\"},{\"@type\":\"WebPage\",\"@id\":\"https:\\\/\\\/www.rentila.it\\\/blog\\\/2016\\\/12\\\/28\\\/pagamento-del-canone-locazione\\\/\",\"url\":\"https:\\\/\\\/www.rentila.it\\\/blog\\\/2016\\\/12\\\/28\\\/pagamento-del-canone-locazione\\\/\",\"name\":\"Problemi tra proprietario e inquilino: pagamento del canone locazione\",\"isPartOf\":{\"@id\":\"https:\\\/\\\/www.rentila.it\\\/blog\\\/#website\"},\"primaryImageOfPage\":{\"@id\":\"https:\\\/\\\/www.rentila.it\\\/blog\\\/2016\\\/12\\\/28\\\/pagamento-del-canone-locazione\\\/#primaryimage\"},\"image\":{\"@id\":\"https:\\\/\\\/www.rentila.it\\\/blog\\\/2016\\\/12\\\/28\\\/pagamento-del-canone-locazione\\\/#primaryimage\"},\"thumbnailUrl\":\"https:\\\/\\\/www.rentila.it\\\/assets\\\/img\\\/blog\\\/blog_problems.png\",\"datePublished\":\"2016-12-28T10:57:04+00:00\",\"dateModified\":\"2025-11-04T14:53:18+00:00\",\"description\":\"Il mancato pagamento del canone locazione \u00e8 spesso il problema principale tra proprietario e inquilino. Tutti i passaggi per risolvere le controversie.\",\"breadcrumb\":{\"@id\":\"https:\\\/\\\/www.rentila.it\\\/blog\\\/2016\\\/12\\\/28\\\/pagamento-del-canone-locazione\\\/#breadcrumb\"},\"inLanguage\":\"it-IT\",\"potentialAction\":[{\"@type\":\"ReadAction\",\"target\":[\"https:\\\/\\\/www.rentila.it\\\/blog\\\/2016\\\/12\\\/28\\\/pagamento-del-canone-locazione\\\/\"]}]},{\"@type\":\"ImageObject\",\"inLanguage\":\"it-IT\",\"@id\":\"https:\\\/\\\/www.rentila.it\\\/blog\\\/2016\\\/12\\\/28\\\/pagamento-del-canone-locazione\\\/#primaryimage\",\"url\":\"https:\\\/\\\/www.rentila.it\\\/assets\\\/img\\\/blog\\\/blog_problems.png\",\"contentUrl\":\"https:\\\/\\\/www.rentila.it\\\/assets\\\/img\\\/blog\\\/blog_problems.png\"},{\"@type\":\"BreadcrumbList\",\"@id\":\"https:\\\/\\\/www.rentila.it\\\/blog\\\/2016\\\/12\\\/28\\\/pagamento-del-canone-locazione\\\/#breadcrumb\",\"itemListElement\":[{\"@type\":\"ListItem\",\"position\":1,\"name\":\"Home\",\"item\":\"https:\\\/\\\/www.rentila.it\\\/blog\\\/\"},{\"@type\":\"ListItem\",\"position\":2,\"name\":\"Problemi e controversie tra proprietario e inquilino: pagamento del canone locazione\"}]},{\"@type\":\"WebSite\",\"@id\":\"https:\\\/\\\/www.rentila.it\\\/blog\\\/#website\",\"url\":\"https:\\\/\\\/www.rentila.it\\\/blog\\\/\",\"name\":\"Rentila Italia - Blog Immobiliare, gestione della propriet\u00e0 immobiliare\",\"description\":\"\",\"publisher\":{\"@id\":\"https:\\\/\\\/www.rentila.it\\\/blog\\\/#organization\"},\"potentialAction\":[{\"@type\":\"SearchAction\",\"target\":{\"@type\":\"EntryPoint\",\"urlTemplate\":\"https:\\\/\\\/www.rentila.it\\\/blog\\\/?s={search_term_string}\"},\"query-input\":{\"@type\":\"PropertyValueSpecification\",\"valueRequired\":true,\"valueName\":\"search_term_string\"}}],\"inLanguage\":\"it-IT\"},{\"@type\":\"Organization\",\"@id\":\"https:\\\/\\\/www.rentila.it\\\/blog\\\/#organization\",\"name\":\"Rentila Italia\",\"url\":\"https:\\\/\\\/www.rentila.it\\\/blog\\\/\",\"logo\":{\"@type\":\"ImageObject\",\"inLanguage\":\"it-IT\",\"@id\":\"https:\\\/\\\/www.rentila.it\\\/blog\\\/#\\\/schema\\\/logo\\\/image\\\/\",\"url\":\"https:\\\/\\\/www.rentila.it\\\/blog\\\/wp-content\\\/uploads\\\/2016\\\/04\\\/logo_house_256px.jpg\",\"contentUrl\":\"https:\\\/\\\/www.rentila.it\\\/blog\\\/wp-content\\\/uploads\\\/2016\\\/04\\\/logo_house_256px.jpg\",\"width\":256,\"height\":256,\"caption\":\"Rentila Italia\"},\"image\":{\"@id\":\"https:\\\/\\\/www.rentila.it\\\/blog\\\/#\\\/schema\\\/logo\\\/image\\\/\"},\"sameAs\":[\"https:\\\/\\\/www.facebook.com\\\/rentilait\\\/\"]},{\"@type\":\"Person\",\"@id\":\"https:\\\/\\\/www.rentila.it\\\/blog\\\/#\\\/schema\\\/person\\\/b2049cc31506565ece718dfb13da70c2\",\"name\":\"Gaia Gasparetto\",\"image\":{\"@type\":\"ImageObject\",\"inLanguage\":\"it-IT\",\"@id\":\"https:\\\/\\\/secure.gravatar.com\\\/avatar\\\/9731adb8dcceef64952cf45037fba17fe8ec3f6a0ba640fb18678e50e42440a8?s=96&d=mm&r=g\",\"url\":\"https:\\\/\\\/secure.gravatar.com\\\/avatar\\\/9731adb8dcceef64952cf45037fba17fe8ec3f6a0ba640fb18678e50e42440a8?s=96&d=mm&r=g\",\"contentUrl\":\"https:\\\/\\\/secure.gravatar.com\\\/avatar\\\/9731adb8dcceef64952cf45037fba17fe8ec3f6a0ba640fb18678e50e42440a8?s=96&d=mm&r=g\",\"caption\":\"Gaia Gasparetto\"},\"sameAs\":[\"https:\\\/\\\/www.linkedin.com\\\/in\\\/gaiagasparetto\\\/\"]}]}<\/script>\n<!-- \/ Yoast SEO plugin. -->","yoast_head_json":{"title":"Problemi tra proprietario e inquilino: pagamento del canone locazione","description":"Il mancato pagamento del canone locazione \u00e8 spesso il problema principale tra proprietario e inquilino. Tutti i passaggi per risolvere le controversie.","robots":{"index":"index","follow":"follow","max-snippet":"max-snippet:-1","max-image-preview":"max-image-preview:large","max-video-preview":"max-video-preview:-1"},"canonical":"https:\/\/www.rentila.it\/blog\/2016\/12\/28\/pagamento-del-canone-locazione\/","og_locale":"it_IT","og_type":"article","og_title":"Problemi tra proprietario e inquilino: pagamento del canone locazione","og_description":"Il mancato pagamento del canone locazione \u00e8 spesso il problema principale tra proprietario e inquilino. Tutti i passaggi per risolvere le controversie.","og_url":"https:\/\/www.rentila.it\/blog\/2016\/12\/28\/pagamento-del-canone-locazione\/","og_site_name":"Rentila Italia - Blog Immobiliare, gestione della propriet\u00e0 immobiliare","article_publisher":"https:\/\/www.facebook.com\/rentilait\/","article_published_time":"2016-12-28T10:57:04+00:00","article_modified_time":"2025-11-04T14:53:18+00:00","author":"Gaia Gasparetto","twitter_card":"summary_large_image","twitter_misc":{"Scritto da":"Gaia Gasparetto","Tempo di lettura stimato":"7 minuti"},"schema":{"@context":"https:\/\/schema.org","@graph":[{"@type":"Article","@id":"https:\/\/www.rentila.it\/blog\/2016\/12\/28\/pagamento-del-canone-locazione\/#article","isPartOf":{"@id":"https:\/\/www.rentila.it\/blog\/2016\/12\/28\/pagamento-del-canone-locazione\/"},"author":{"name":"Gaia Gasparetto","@id":"https:\/\/www.rentila.it\/blog\/#\/schema\/person\/b2049cc31506565ece718dfb13da70c2"},"headline":"Problemi e controversie tra proprietario e inquilino: pagamento del canone locazione","datePublished":"2016-12-28T10:57:04+00:00","dateModified":"2025-11-04T14:53:18+00:00","mainEntityOfPage":{"@id":"https:\/\/www.rentila.it\/blog\/2016\/12\/28\/pagamento-del-canone-locazione\/"},"wordCount":1215,"commentCount":0,"publisher":{"@id":"https:\/\/www.rentila.it\/blog\/#organization"},"image":{"@id":"https:\/\/www.rentila.it\/blog\/2016\/12\/28\/pagamento-del-canone-locazione\/#primaryimage"},"thumbnailUrl":"https:\/\/www.rentila.it\/assets\/img\/blog\/blog_problems.png","keywords":["affitto casa","pagamento canone locazione","problemi proprietario inquilino"],"articleSection":["Note legali"],"inLanguage":"it-IT"},{"@type":"WebPage","@id":"https:\/\/www.rentila.it\/blog\/2016\/12\/28\/pagamento-del-canone-locazione\/","url":"https:\/\/www.rentila.it\/blog\/2016\/12\/28\/pagamento-del-canone-locazione\/","name":"Problemi tra proprietario e inquilino: pagamento del canone locazione","isPartOf":{"@id":"https:\/\/www.rentila.it\/blog\/#website"},"primaryImageOfPage":{"@id":"https:\/\/www.rentila.it\/blog\/2016\/12\/28\/pagamento-del-canone-locazione\/#primaryimage"},"image":{"@id":"https:\/\/www.rentila.it\/blog\/2016\/12\/28\/pagamento-del-canone-locazione\/#primaryimage"},"thumbnailUrl":"https:\/\/www.rentila.it\/assets\/img\/blog\/blog_problems.png","datePublished":"2016-12-28T10:57:04+00:00","dateModified":"2025-11-04T14:53:18+00:00","description":"Il mancato pagamento del canone locazione \u00e8 spesso il problema principale tra proprietario e inquilino. Tutti i passaggi per risolvere le controversie.","breadcrumb":{"@id":"https:\/\/www.rentila.it\/blog\/2016\/12\/28\/pagamento-del-canone-locazione\/#breadcrumb"},"inLanguage":"it-IT","potentialAction":[{"@type":"ReadAction","target":["https:\/\/www.rentila.it\/blog\/2016\/12\/28\/pagamento-del-canone-locazione\/"]}]},{"@type":"ImageObject","inLanguage":"it-IT","@id":"https:\/\/www.rentila.it\/blog\/2016\/12\/28\/pagamento-del-canone-locazione\/#primaryimage","url":"https:\/\/www.rentila.it\/assets\/img\/blog\/blog_problems.png","contentUrl":"https:\/\/www.rentila.it\/assets\/img\/blog\/blog_problems.png"},{"@type":"BreadcrumbList","@id":"https:\/\/www.rentila.it\/blog\/2016\/12\/28\/pagamento-del-canone-locazione\/#breadcrumb","itemListElement":[{"@type":"ListItem","position":1,"name":"Home","item":"https:\/\/www.rentila.it\/blog\/"},{"@type":"ListItem","position":2,"name":"Problemi e controversie tra proprietario e inquilino: pagamento del canone locazione"}]},{"@type":"WebSite","@id":"https:\/\/www.rentila.it\/blog\/#website","url":"https:\/\/www.rentila.it\/blog\/","name":"Rentila Italia - Blog Immobiliare, gestione della propriet\u00e0 immobiliare","description":"","publisher":{"@id":"https:\/\/www.rentila.it\/blog\/#organization"},"potentialAction":[{"@type":"SearchAction","target":{"@type":"EntryPoint","urlTemplate":"https:\/\/www.rentila.it\/blog\/?s={search_term_string}"},"query-input":{"@type":"PropertyValueSpecification","valueRequired":true,"valueName":"search_term_string"}}],"inLanguage":"it-IT"},{"@type":"Organization","@id":"https:\/\/www.rentila.it\/blog\/#organization","name":"Rentila Italia","url":"https:\/\/www.rentila.it\/blog\/","logo":{"@type":"ImageObject","inLanguage":"it-IT","@id":"https:\/\/www.rentila.it\/blog\/#\/schema\/logo\/image\/","url":"https:\/\/www.rentila.it\/blog\/wp-content\/uploads\/2016\/04\/logo_house_256px.jpg","contentUrl":"https:\/\/www.rentila.it\/blog\/wp-content\/uploads\/2016\/04\/logo_house_256px.jpg","width":256,"height":256,"caption":"Rentila Italia"},"image":{"@id":"https:\/\/www.rentila.it\/blog\/#\/schema\/logo\/image\/"},"sameAs":["https:\/\/www.facebook.com\/rentilait\/"]},{"@type":"Person","@id":"https:\/\/www.rentila.it\/blog\/#\/schema\/person\/b2049cc31506565ece718dfb13da70c2","name":"Gaia Gasparetto","image":{"@type":"ImageObject","inLanguage":"it-IT","@id":"https:\/\/secure.gravatar.com\/avatar\/9731adb8dcceef64952cf45037fba17fe8ec3f6a0ba640fb18678e50e42440a8?s=96&d=mm&r=g","url":"https:\/\/secure.gravatar.com\/avatar\/9731adb8dcceef64952cf45037fba17fe8ec3f6a0ba640fb18678e50e42440a8?s=96&d=mm&r=g","contentUrl":"https:\/\/secure.gravatar.com\/avatar\/9731adb8dcceef64952cf45037fba17fe8ec3f6a0ba640fb18678e50e42440a8?s=96&d=mm&r=g","caption":"Gaia Gasparetto"},"sameAs":["https:\/\/www.linkedin.com\/in\/gaiagasparetto\/"]}]}},"_links":{"self":[{"href":"https:\/\/www.rentila.it\/blog\/wp-json\/wp\/v2\/posts\/381","targetHints":{"allow":["GET"]}}],"collection":[{"href":"https:\/\/www.rentila.it\/blog\/wp-json\/wp\/v2\/posts"}],"about":[{"href":"https:\/\/www.rentila.it\/blog\/wp-json\/wp\/v2\/types\/post"}],"author":[{"embeddable":true,"href":"https:\/\/www.rentila.it\/blog\/wp-json\/wp\/v2\/users\/3"}],"replies":[{"embeddable":true,"href":"https:\/\/www.rentila.it\/blog\/wp-json\/wp\/v2\/comments?post=381"}],"version-history":[{"count":14,"href":"https:\/\/www.rentila.it\/blog\/wp-json\/wp\/v2\/posts\/381\/revisions"}],"predecessor-version":[{"id":7167,"href":"https:\/\/www.rentila.it\/blog\/wp-json\/wp\/v2\/posts\/381\/revisions\/7167"}],"wp:attachment":[{"href":"https:\/\/www.rentila.it\/blog\/wp-json\/wp\/v2\/media?parent=381"}],"wp:term":[{"taxonomy":"category","embeddable":true,"href":"https:\/\/www.rentila.it\/blog\/wp-json\/wp\/v2\/categories?post=381"},{"taxonomy":"post_tag","embeddable":true,"href":"https:\/\/www.rentila.it\/blog\/wp-json\/wp\/v2\/tags?post=381"}],"curies":[{"name":"wp","href":"https:\/\/api.w.org\/{rel}","templated":true}]}}